[{"@context":"https:\/\/schema.org\/","@type":"Article","@id":"https:\/\/www.oafm.cz\/vite-ze-k-modernimu-bydleni-staci-malo\/#Article","mainEntityOfPage":"https:\/\/www.oafm.cz\/vite-ze-k-modernimu-bydleni-staci-malo\/","headline":"V\u00edte, \u017ee k\u00a0modern\u00edmu bydlen\u00ed sta\u010d\u00ed m\u00e1lo?","name":"V\u00edte, \u017ee k\u00a0modern\u00edmu bydlen\u00ed sta\u010d\u00ed m\u00e1lo?","description":"Hled\u00e1te vhodnou dekoraci pro interi\u00e9r va\u0161eho domu nebo jin\u00e9ho prostoru? Pak si prohl\u00e9dn\u011bte n\u00e1mi nab\u00edzen\u00fd bytov\u00fd textil a p\u0159edev\u0161\u00edm dekora\u010dn\u00ed l\u00e1tky, kter\u00e9 jsou z kvalitn\u00edho materi\u00e1lu, za dobrou cenu a nab\u00edz\u00ed \u0161irok\u00fd v\u00fdb\u011br r\u016fzn\u00fdch barevn\u00fdch &hellip; ","datePublished":"2025-01-21","dateModified":"2025-01-21","author":{"@type":"Person","@id":"https:\/\/www.oafm.cz\/author\/#Person","name":"","url":"https:\/\/www.oafm.cz\/author\/","identifier":1,"image":{"@type":"ImageObject","@id":"https:\/\/secure.gravatar.com\/avatar\/4ae18345300f35922a2a7b2caa17564b68acab8514eff939a8a019efde378c24?s=96&d=mm&r=g","url":"https:\/\/secure.gravatar.com\/avatar\/4ae18345300f35922a2a7b2caa17564b68acab8514eff939a8a019efde378c24?s=96&d=mm&r=g","height":96,"width":96}},"publisher":{"@type":"Organization","name":"oafm.cz","logo":{"@type":"ImageObject","@id":"\/logo.png","url":"\/logo.png","width":600,"height":60}},"url":"https:\/\/www.oafm.cz\/vite-ze-k-modernimu-bydleni-staci-malo\/","wordCount":190,"articleBody":"Hled\u00e1te vhodnou dekoraci pro interi\u00e9r va\u0161eho domu nebo jin\u00e9ho prostoru? Pak si prohl\u00e9dn\u011bte n\u00e1mi nab\u00edzen\u00fd bytov\u00fd textil a p\u0159edev\u0161\u00edm dekora\u010dn\u00ed l\u00e1tky, kter\u00e9 jsou z kvalitn\u00edho materi\u00e1lu, za dobrou cenu a nab\u00edz\u00ed \u0161irok\u00fd v\u00fdb\u011br r\u016fzn\u00fdch barevn\u00fdch a vzorov\u00fdch proveden\u00ed.Na\u0161e dekora\u010dn\u00ed l\u00e1tky se hod\u00ed do ka\u017ed\u00e9 dom\u00e1cnosti a mnohon\u00e1sobn\u011b vylep\u0161\u00ed jej\u00ed vzhled. Krom\u011b prodeje nab\u00edz\u00edme klient\u016fm je\u0161t\u011b dal\u0161\u00ed slu\u017eby. Na p\u0159\u00e1n\u00ed z\u00e1kazn\u00edka l\u00e1tky rozm\u011brov\u011b uprav\u00edme a pop\u0159\u00edpad\u011b u\u0161ijeme. V\u00fdsledn\u00fd produkt nakonec bezpe\u010dn\u011b za\u0161leme do m\u00edsta va\u0161eho bydli\u0161t\u011b.M\u00f3da kvalita cenaMezi z\u00e1kazn\u00edky jsou na\u0161e dekora\u010dn\u00ed l\u00e1tky obl\u00edben\u00e9 p\u0159edev\u0161\u00edm proto, \u017ee jsou od kvalitn\u00edch \u010desk\u00fdch v\u00fdrobc\u016f, kte\u0159\u00ed sleduj\u00ed ve\u0161ker\u00e9 m\u00f3dn\u00ed trendy a z\u00e1rove\u0148 se sna\u017e\u00ed poskytnout cenu, se kterou je z\u00e1kazn\u00edk skute\u010dn\u011b spokojen. P\u0159esv\u011bd\u010dte se o t\u011bchto v\u00fdhod\u00e1ch i vy.                                                                                                                                                                                                                                                                                                                                                                                        4\/5 - (1 vote)        "},{"@context":"https:\/\/schema.org\/","@type":"BreadcrumbList","itemListElement":[{"@type":"ListItem","position":1,"name":"V\u00edte, \u017ee k\u00a0modern\u00edmu bydlen\u00ed sta\u010d\u00ed m\u00e1lo?","item":"https:\/\/www.oafm.cz\/vite-ze-k-modernimu-bydleni-staci-malo\/#breadcrumbitem"}]}]