[{"@context":"https:\/\/schema.org\/","@type":"Article","@id":"https:\/\/www.oafm.cz\/uz-je-cas-na-novorocenky\/#Article","mainEntityOfPage":"https:\/\/www.oafm.cz\/uz-je-cas-na-novorocenky\/","headline":"U\u017e je \u010das na novoro\u010denky","name":"U\u017e je \u010das na novoro\u010denky","description":"Obdob\u00ed V\u00e1noc se ne\u00faprosn\u011b bl\u00ed\u017e\u00ed, a a\u010dkoliv si \u0159\u00edk\u00e1te, \u017ee je dost \u010dasu, neprop\u00e1sn\u011bte n\u00e1kup blahop\u0159\u00e1n\u00ed k V\u00e1noc\u016fm! Pak budete muset zase rozes\u00edlat sms. A do toho se V\u00e1m moc nechce. Letos toti\u017e chcete b\u00fdt &hellip; ","datePublished":"2024-01-15","dateModified":"2024-01-15","author":{"@type":"Person","@id":"https:\/\/www.oafm.cz\/author\/#Person","name":"","url":"https:\/\/www.oafm.cz\/author\/","identifier":1,"image":{"@type":"ImageObject","@id":"https:\/\/secure.gravatar.com\/avatar\/4ae18345300f35922a2a7b2caa17564b68acab8514eff939a8a019efde378c24?s=96&d=mm&r=g","url":"https:\/\/secure.gravatar.com\/avatar\/4ae18345300f35922a2a7b2caa17564b68acab8514eff939a8a019efde378c24?s=96&d=mm&r=g","height":96,"width":96}},"publisher":{"@type":"Organization","name":"oafm.cz","logo":{"@type":"ImageObject","@id":"\/logo.png","url":"\/logo.png","width":600,"height":60}},"url":"https:\/\/www.oafm.cz\/uz-je-cas-na-novorocenky\/","wordCount":243,"articleBody":"Obdob\u00ed V\u00e1noc se ne\u00faprosn\u011b bl\u00ed\u017e\u00ed, a a\u010dkoliv si \u0159\u00edk\u00e1te, \u017ee je dost \u010dasu, neprop\u00e1sn\u011bte n\u00e1kup blahop\u0159\u00e1n\u00ed k V\u00e1noc\u016fm! Pak budete muset zase rozes\u00edlat sms. A do toho se V\u00e1m moc nechce. Letos toti\u017e chcete b\u00fdt origin\u00e1ln\u00ed. A novoro\u010denky je p\u0159\u00edle\u017eitost, kter\u00e1 Va\u0161i originalitu podtrhne! M\u016f\u017eete vyb\u00edrat pro ka\u017edou bl\u00edzkou osobu jin\u00e9 p\u0159\u00e1n\u00ed. Chcete t\u0159pytiv\u00e9 se zimn\u00ed tematikou? Nebo st\u0159\u00eddm\u00e9 a pouze ve dvoubarevn\u00e9m proveden\u00ed? Ur\u010dit\u011b si sv\u00e9 blahop\u0159\u00e1n\u00ed najdete. Tak\u00e9 nezapome\u0148te na ob\u00e1lky a zn\u00e1mky. A pos\u00edlejte sv\u00e1 blahop\u0159\u00e1n\u00ed alespo\u0148 t\u00fdden p\u0159ed V\u00e1nocemi. Aby do\u0161ly v\u010das.\tNikdy nen\u00ed pozd\u011bA kdybyste p\u0159ece jen nestihli poslat sv\u00e9 p\u0159\u00e1n\u00ed v\u010das, po\u0159\u00e1d jej m\u016f\u017eete poslat i mezi sv\u00e1tky. Na to nen\u00ed nikdy pozd\u011b. V\u00a0nejhor\u0161\u00edm p\u0159\u00edpad\u011b to svedete na doru\u010dovatelsk\u00e9 slu\u017eby! Ale ne, to byste nemuseli. Ka\u017ed\u00fd bude r\u00e1d za to, \u017ee ve sv\u00e9 po\u0161tovn\u00ed schr\u00e1nce najde krom\u011b \u00fa\u0159edn\u00edch dopis\u016f i dopis s\u00a0Va\u0161\u00edm p\u0159\u00e1n\u00edm. Adres\u00e1ti budou pot\u011b\u0161eni a stoprocentn\u011b si Va\u0161e p\u0159\u00e1n\u00ed vystav\u00ed se slovy, tak oni na n\u00e1s nezapomn\u011bli. Jste zv\u011bdav\u00ed, zda i Vy budete m\u00edt ve sv\u00e9 po\u0161tovn\u00ed schr\u00e1nce tot\u00e9\u017e? Inu, nechte se p\u0159ekvapit.                                                                                                                                                                                                                                                                                                                                                                                        3.9\/5 - (10 votes)        "},{"@context":"https:\/\/schema.org\/","@type":"BreadcrumbList","itemListElement":[{"@type":"ListItem","position":1,"name":"U\u017e je \u010das na novoro\u010denky","item":"https:\/\/www.oafm.cz\/uz-je-cas-na-novorocenky\/#breadcrumbitem"}]}]