[{"@context":"https:\/\/schema.org\/","@type":"Article","@id":"https:\/\/www.oafm.cz\/svetla-nebo-opalena-plet-jak-se-o-ne-starat\/#Article","mainEntityOfPage":"https:\/\/www.oafm.cz\/svetla-nebo-opalena-plet-jak-se-o-ne-starat\/","headline":"Sv\u011btl\u00e1 nebo op\u00e1len\u00e1 ple\u0165? Jak se o n\u011b starat?","name":"Sv\u011btl\u00e1 nebo op\u00e1len\u00e1 ple\u0165? Jak se o n\u011b starat?","description":"Ka\u017ed\u00e1 \u017eena m\u00e1 jin\u00fd typ pleti. n\u011bkter\u00e1 m\u00e1 sv\u011btlou a velmi citlivou poko\u017eku jin\u00e1 zase ple\u0165 tmav\u0161\u00ed, o kterou se skoro nemus\u00ed starat. A\u0165 pat\u0159\u00edte do jedn\u00e9 nebo druh\u00e9 skupiny a nebo m\u00e1 va\u0161e ple\u0165 &hellip; ","datePublished":"2024-10-15","dateModified":"2024-10-15","author":{"@type":"Person","@id":"https:\/\/www.oafm.cz\/author\/#Person","name":"","url":"https:\/\/www.oafm.cz\/author\/","identifier":1,"image":{"@type":"ImageObject","@id":"https:\/\/secure.gravatar.com\/avatar\/4ae18345300f35922a2a7b2caa17564b68acab8514eff939a8a019efde378c24?s=96&d=mm&r=g","url":"https:\/\/secure.gravatar.com\/avatar\/4ae18345300f35922a2a7b2caa17564b68acab8514eff939a8a019efde378c24?s=96&d=mm&r=g","height":96,"width":96}},"publisher":{"@type":"Organization","name":"oafm.cz","logo":{"@type":"ImageObject","@id":"\/logo.png","url":"\/logo.png","width":600,"height":60}},"url":"https:\/\/www.oafm.cz\/svetla-nebo-opalena-plet-jak-se-o-ne-starat\/","wordCount":169,"articleBody":"Ka\u017ed\u00e1 \u017eena m\u00e1 jin\u00fd typ pleti. n\u011bkter\u00e1 m\u00e1 sv\u011btlou a velmi citlivou poko\u017eku jin\u00e1 zase ple\u0165 tmav\u0161\u00ed, o kterou se skoro nemus\u00ed starat. A\u0165 pat\u0159\u00edte do jedn\u00e9 nebo druh\u00e9 skupiny a nebo m\u00e1 va\u0161e ple\u0165 je\u0161t\u011b zcela jin\u00e9 n\u00e1roky, je nutn\u00e9 si zjistit, co je vlastn\u011b pro tu va\u0161\u00ed poko\u017eku vlastn\u011b dobr\u00e9? Sv\u011btl\u00e1 ple\u0165 je velmi \u010dast\u00e1. Majitelky t\u00e9to poko\u017eky \u010dasto su\u017euje nadm\u011brn\u00e9 vysych\u00e1n\u00ed a p\u0159ecitliv\u011blost, kter\u00e1 se projevuje za\u010derven\u00e1n\u00edm. V l\u00e9t\u011b je sv\u011btl\u00e1 poko\u017eka vystaven\u00e1 ostr\u00e9mu slune\u010dn\u00edmu z\u00e1\u0159en\u00ed, kter\u00e9 j\u00ed ned\u011bl\u00e1 moc dob\u0159e, proto je nutn\u00e9 j\u00ed chr\u00e1nit kvalitn\u00edm ple\u0165ov\u00fdm kr\u00e9mem , kter\u00fd poskytuje tak\u00e9 krom\u011b hydratace ochranu p\u0159ed UV z\u00e1\u0159en\u00edm. To tmav\u00e1 ple\u0165 nem\u00e1 v l\u00e9t\u011b \u017e\u00e1dn\u00e9 probl\u00e9m, sta\u010d\u00ed j\u00ed lehk\u00fd faktor ochrany a n\u011bjak\u00e9 to t\u011blov\u00e9 ml\u00e9ko, kter\u00e9 j\u00ed dod\u00e1 pot\u0159ebnou vlhkost.                                                                                                                                                                                                                                                                                                                                                                                        5\/5 - (3 votes)        "},{"@context":"https:\/\/schema.org\/","@type":"BreadcrumbList","itemListElement":[{"@type":"ListItem","position":1,"name":"Sv\u011btl\u00e1 nebo op\u00e1len\u00e1 ple\u0165? Jak se o n\u011b starat?","item":"https:\/\/www.oafm.cz\/svetla-nebo-opalena-plet-jak-se-o-ne-starat\/#breadcrumbitem"}]}]