[{"@context":"https:\/\/schema.org\/","@type":"Article","@id":"https:\/\/www.oafm.cz\/s-naradim-znacky-bosch-pujde-vse-samo\/#Article","mainEntityOfPage":"https:\/\/www.oafm.cz\/s-naradim-znacky-bosch-pujde-vse-samo\/","headline":"S n\u00e1\u0159ad\u00edm zna\u010dky Bosch p\u016fjde v\u0161e samo","name":"S n\u00e1\u0159ad\u00edm zna\u010dky Bosch p\u016fjde v\u0161e samo","description":"Je pro v\u00e1s pr\u00e1ce v d\u00edln\u011b opravdov\u00e1 d\u0159ina, ale v\u00e1m se to l\u00edb\u00ed? Nejste ji\u017e v\u0161ak ve v\u011bku, kdy se m\u016f\u017eete extr\u00e9mn\u011b p\u0159em\u00e1hat, a proto byste cht\u011bli vybaven\u00ed, kter\u00e9 by v\u00e1m va\u0161e sna\u017een\u00ed uleh\u010dilo? Mnoz\u00ed &hellip; ","datePublished":"2023-09-24","dateModified":"2023-09-24","author":{"@type":"Person","@id":"https:\/\/www.oafm.cz\/author\/#Person","name":"","url":"https:\/\/www.oafm.cz\/author\/","identifier":1,"image":{"@type":"ImageObject","@id":"https:\/\/secure.gravatar.com\/avatar\/4ae18345300f35922a2a7b2caa17564b68acab8514eff939a8a019efde378c24?s=96&d=mm&r=g","url":"https:\/\/secure.gravatar.com\/avatar\/4ae18345300f35922a2a7b2caa17564b68acab8514eff939a8a019efde378c24?s=96&d=mm&r=g","height":96,"width":96}},"publisher":{"@type":"Organization","name":"oafm.cz","logo":{"@type":"ImageObject","@id":"\/logo.png","url":"\/logo.png","width":600,"height":60}},"url":"https:\/\/www.oafm.cz\/s-naradim-znacky-bosch-pujde-vse-samo\/","wordCount":238,"articleBody":"Je pro v\u00e1s pr\u00e1ce v d\u00edln\u011b opravdov\u00e1 d\u0159ina, ale v\u00e1m se to l\u00edb\u00ed? Nejste ji\u017e v\u0161ak ve v\u011bku, kdy se m\u016f\u017eete extr\u00e9mn\u011b p\u0159em\u00e1hat, a proto byste cht\u011bli vybaven\u00ed, kter\u00e9 by v\u00e1m va\u0161e sna\u017een\u00ed uleh\u010dilo? Mnoz\u00ed lid\u00e9 si mysl\u00ed, \u017ee takov\u00e9 vybaven\u00ed neexistuje, ale to se velmi m\u00fdl\u00ed. P\u0159\u00edkladem toho je Bosch n\u00e1\u0159ad\u00ed, kter\u00e9 je ji\u017e v z\u00e1kladn\u00ed verzi opravdu kvalitn\u00ed a pr\u00e1ci v\u0161em kutil\u016fm, ale i profesion\u00e1l\u016fm zleh\u010duje. Vy se o t\u00e9to skute\u010dnosti m\u016f\u017eete nyn\u00ed p\u0159esv\u011bd\u010dit tak\u00e9, a to t\u00edm zp\u016fsobem, \u017ee vyu\u017eijete n\u00e1\u0161 sortiment. V tom najdete mnoho nejr\u016fzn\u011bj\u0161\u00edch produkt\u016f, kter\u00e9 byste mohli p\u0159i sv\u00e9 pr\u00e1ci uplatnit.Pro d\u00edlnu, ale i zahraduTato zna\u010dka, kter\u00e1 m\u00e1 na sv\u00e9 kont\u011b opravdu obrovsk\u00e9 mno\u017estv\u00ed nejr\u016fzn\u011bj\u0161\u00edch v\u00fdrobk\u016f, se m\u016f\u017ee pochlubit neust\u00e1le se rozv\u00edjej\u00edc\u00edmi technologiemi, kter\u00e9 posouvaj\u00ed pr\u00e1ci v d\u00edln\u00e1ch, na zahrad\u011b, \u010di kdekoliv jinde, do zcela jin\u00e9ho rozm\u011bru. Tento rozm\u011br p\u0159edstavuje pohodlnou, ale p\u0159esto kvalitn\u00ed pr\u00e1ci, a\u0165 u\u017e jde o jakoukoliv oblast. Vyu\u017eijte tuto mo\u017enost nyn\u00ed i vy a za\u010dnete podnikat sv\u00e9 kroky rozumn\u011b, a to pr\u00e1v\u011b s t\u00edmto vybaven\u00edm.                                                                                                                                                                                                                                                                                                                                                                                        3.7\/5 - (8 votes)        "},{"@context":"https:\/\/schema.org\/","@type":"BreadcrumbList","itemListElement":[{"@type":"ListItem","position":1,"name":"S n\u00e1\u0159ad\u00edm zna\u010dky Bosch p\u016fjde v\u0161e samo","item":"https:\/\/www.oafm.cz\/s-naradim-znacky-bosch-pujde-vse-samo\/#breadcrumbitem"}]}]