[{"@context":"https:\/\/schema.org\/","@type":"Article","@id":"https:\/\/www.oafm.cz\/rerichu-peruanskou-zname-take-pod-nazvem-maca\/#Article","mainEntityOfPage":"https:\/\/www.oafm.cz\/rerichu-peruanskou-zname-take-pod-nazvem-maca\/","headline":"\u0158e\u0159ichu peru\u00e1nskou zn\u00e1me tak\u00e9 pod n\u00e1zvem Maca","name":"\u0158e\u0159ichu peru\u00e1nskou zn\u00e1me tak\u00e9 pod n\u00e1zvem Maca","description":"Ji\u017en\u00ed Amerika je zem\u00ed op\u0159edenou legendami a byla po stalet\u00ed l\u00e1kav\u00fdm c\u00edlem mo\u0159eplavc\u016f a dal\u0161\u00edch dobrodruh\u016f, kte\u0159\u00ed se do t\u011bchto kon\u010din vypravovali s c\u00edlem objevit vz\u00e1cn\u00e9 exotick\u00e9 rostliny a l\u00e9\u010debn\u00e9 prost\u0159edky proti neduh\u016fm, kter\u00e9 su\u017eovaly &hellip; ","datePublished":"2020-12-25","dateModified":"2023-05-30","author":{"@type":"Person","@id":"https:\/\/www.oafm.cz\/author\/#Person","name":"","url":"https:\/\/www.oafm.cz\/author\/","identifier":1,"image":{"@type":"ImageObject","@id":"https:\/\/secure.gravatar.com\/avatar\/4ae18345300f35922a2a7b2caa17564b68acab8514eff939a8a019efde378c24?s=96&d=mm&r=g","url":"https:\/\/secure.gravatar.com\/avatar\/4ae18345300f35922a2a7b2caa17564b68acab8514eff939a8a019efde378c24?s=96&d=mm&r=g","height":96,"width":96}},"publisher":{"@type":"Organization","name":"oafm.cz","logo":{"@type":"ImageObject","@id":"\/logo.png","url":"\/logo.png","width":600,"height":60}},"image":{"@type":"ImageObject","@id":"https:\/\/www.oafm.cz\/wp-content\/uploads\/peru%C3%A1nsk%C3%A9%20Andy_2.jpg","url":"https:\/\/www.oafm.cz\/wp-content\/uploads\/peru%C3%A1nsk%C3%A9%20Andy_2.jpg","height":0,"width":0},"url":"https:\/\/www.oafm.cz\/rerichu-peruanskou-zname-take-pod-nazvem-maca\/","wordCount":445,"articleBody":"      Ji\u017en\u00ed Amerika je zem\u00ed op\u0159edenou legendami a byla po stalet\u00ed l\u00e1kav\u00fdm c\u00edlem mo\u0159eplavc\u016f a dal\u0161\u00edch dobrodruh\u016f, kte\u0159\u00ed se do t\u011bchto kon\u010din vypravovali s c\u00edlem objevit vz\u00e1cn\u00e9 exotick\u00e9 rostliny a l\u00e9\u010debn\u00e9 prost\u0159edky proti neduh\u016fm, kter\u00e9 su\u017eovaly Evropu ji\u017e odnepam\u011bti. Nejbohat\u0161\u00edm p\u0159\u00edrodn\u00edm zdrojem na t\u00e9to planet\u011b jsou amazonsk\u00e9 pralesy, ale nen\u00ed to jedin\u00e1 lokalita, kde byste usp\u011bli jako badatel\u00e9 a v\u00fdzkumn\u00edci.Nezapom\u00ednejme na peru\u00e1nsk\u00e9 Andy, je to velmi sv\u00e9r\u00e1zn\u00e9 a vysok\u00e9 poho\u0159\u00ed, kter\u00e9 tvo\u0159\u00ed spolu s Kordillery n\u011bkolik des\u00edtek tis\u00edc kilometr\u016f dlouh\u00fd p\u00e1s od Alja\u0161ky a\u017e po ji\u017en\u00ed c\u00edp Chile. Ve zna\u010dn\u00fdch nadmo\u0159sk\u00fdch v\u00fd\u0161k\u00e1ch, p\u0159evy\u0161uj\u00edc\u00edch \u0161v\u00fdcarsk\u00e9 Alpy, se ov\u0161em da\u0159\u00ed n\u011bkter\u00fdm rostlin\u00e1m (bylin\u00e1m), kter\u00e9 dok\u00e1\u017eou vyt\u011b\u017eit maximum z toho m\u00e1la \u017eivin a z drsn\u00fdch podm\u00ednek, kde se vyskytuj\u00ed.Mezi n\u011b pat\u0159\u00ed i \u0158e\u0159icha peru\u00e1nsk\u00e1, mezi domorodci uzn\u00e1van\u00e1 sou\u010d\u00e1st b\u011b\u017en\u00e9 stravy a z\u00e1rove\u0148 jako l\u00e9k na celou \u0159adu neduh\u016f. Prosp\u011b\u0161nost t\u00e9to docela mal\u00e9 a nen\u00e1padn\u00e9 rostlinky s kulatou ko\u0159enovou bulvou tkv\u00ed v mno\u017estv\u00ed v\u00fd\u017eivn\u00fdch l\u00e1tek. Mo\u017en\u00e1 ji budete zn\u00e1t pod pojmem Maca peru\u00e1nsk\u00e1.Do Evropy se dov\u00e1\u017e\u00ed v\u011bt\u0161inou ji\u017e \u0161etrn\u011b zpracovan\u00e1 a rozemlet\u00e1 na pr\u00e1\u0161ek, podot\u00fdk\u00e1me, \u017ee opravdu \u0161etrn\u011b, \u010d\u00edm\u017e nedoch\u00e1z\u00ed ke ztr\u00e1t\u011b \u017eivin. N\u011bkdy se j\u00ed tak\u00e9 p\u0159ezd\u00edv\u00e1 \u201ePeru\u00e1nsk\u00fd \u017den\u0161en\u201c, a to zcela zjevn\u011b, jde toti\u017e o rostlinu za\u0159azenou mezi adaptogenn\u00ed byliny, kter\u00e9 velmi \u00fa\u010dinn\u011b pom\u00e1haj\u00ed proti nejv\u011bt\u0161\u00ed sou\u010dasn\u00e9 civiliza\u010dn\u00ed hrozb\u011b \u2013 stresu a nedostatku \u017eivin ve strav\u011b.\u0158e\u0159icha peru\u00e1nsk\u00e1 obsahem \u017eivin skute\u010dn\u011b vynik\u00e1, je to proto, aby dok\u00e1zala p\u0159e\u017e\u00edt v n\u00edzk\u00e9m tlaku vzduchu, p\u0159i velmi n\u00edzk\u00fdch teplot\u00e1ch a v siln\u00e9m v\u011btru, proto se tak\u00e9 pod\u00e1v\u00e1 v mal\u00fdch d\u00e1vk\u00e1ch, aby je lidsk\u00fd organismus mohl komplexn\u011b vyu\u017e\u00edt. A jak v t\u011ble funguje?P\u016fsob\u00ed jako harmoniza\u010dn\u00ed faktor, jak se \u0159\u00edk\u00e1, na v\u0161ech front\u00e1ch, a t\u011blo jej zu\u017eitkuje tam, kde je nejv\u00edce zapot\u0159eb\u00ed, tak\u017ee pom\u00e1h\u00e1 s l\u00e9\u010dbou tr\u00e1vic\u00edho traktu, nervov\u00e9 soustavy, nastoluje hormon\u00e1ln\u00ed rovnov\u00e1hu (d\u016fle\u017eit\u00e9 p\u0159i stresu), urychluje regeneraci vnit\u0159n\u00edch org\u00e1n\u016f a p\u0159i dlouhodob\u00e9m p\u016fsoben\u00ed i perifern\u00edch \u010d\u00e1st\u00ed t\u011bla (poko\u017eky, vlas\u016f atd.)                                                                                                                                                                                                                                                                                                                                                                                          4.1\/5 - (15 votes)        "},{"@context":"https:\/\/schema.org\/","@type":"BreadcrumbList","itemListElement":[{"@type":"ListItem","position":1,"name":"\u0158e\u0159ichu peru\u00e1nskou zn\u00e1me tak\u00e9 pod n\u00e1zvem Maca","item":"https:\/\/www.oafm.cz\/rerichu-peruanskou-zname-take-pod-nazvem-maca\/#breadcrumbitem"}]}]