[{"@context":"https:\/\/schema.org\/","@type":"Blog","@id":"https:\/\/www.oafm.cz#Blog","headline":"Oafm","description":"\nM\u00fdlit se je jak zn\u00e1mo lidsk\u00e9. Ale je zbyte\u010dn\u00e9 m\u00fdlit se, pokud \u010dlov\u011bk nemus\u00ed. Pro\u010d se t\u0159eba rozhodnout pro n\u011bjak\u00fd jin\u00fd web, kdy\u017e se v\u00e1m tu nab\u00edz\u00ed ten n\u00e1\u0161?","url":"https:\/\/www.oafm.cz","hasPart":[{"@type":"Article","@id":"https:\/\/www.oafm.cz\/uz-je-cas-na-novorocenky\/","headline":"U\u017e je \u010das na novoro\u010denky","url":"https:\/\/www.oafm.cz\/uz-je-cas-na-novorocenky\/","datePublished":"2024-01-15","dateModified":"2024-01-15","mainEntityOfPage":"https:\/\/www.oafm.cz\/uz-je-cas-na-novorocenky\/","author":{"@type":"Person","@id":"https:\/\/www.oafm.cz\/author\/#Person","name":"","url":"https:\/\/www.oafm.cz\/author\/","identifier":1,"image":{"@type":"ImageObject","@id":"https:\/\/secure.gravatar.com\/avatar\/4ae18345300f35922a2a7b2caa17564b68acab8514eff939a8a019efde378c24?s=96&d=mm&r=g","url":"https:\/\/secure.gravatar.com\/avatar\/4ae18345300f35922a2a7b2caa17564b68acab8514eff939a8a019efde378c24?s=96&d=mm&r=g","height":96,"width":96}},"publisher":{"@type":"Organization","name":"oafm.cz","logo":{"@type":"ImageObject","@id":"\/logo.png","url":"\/logo.png","width":600,"height":60}},"image":null,"wordCount":281,"keywords":null},{"@type":"Article","@id":"https:\/\/www.oafm.cz\/carovani-bez-prstenu\/","headline":"\u010carov\u00e1n\u00ed bez prstenu","url":"https:\/\/www.oafm.cz\/carovani-bez-prstenu\/","datePublished":"2023-12-22","dateModified":"2024-03-15","mainEntityOfPage":"https:\/\/www.oafm.cz\/carovani-bez-prstenu\/","author":{"@type":"Person","@id":"https:\/\/www.oafm.cz\/author\/#Person","name":"","url":"https:\/\/www.oafm.cz\/author\/","identifier":1,"image":{"@type":"ImageObject","@id":"https:\/\/secure.gravatar.com\/avatar\/4ae18345300f35922a2a7b2caa17564b68acab8514eff939a8a019efde378c24?s=96&d=mm&r=g","url":"https:\/\/secure.gravatar.com\/avatar\/4ae18345300f35922a2a7b2caa17564b68acab8514eff939a8a019efde378c24?s=96&d=mm&r=g","height":96,"width":96}},"publisher":{"@type":"Organization","name":"oafm.cz","logo":{"@type":"ImageObject","@id":"\/logo.png","url":"\/logo.png","width":600,"height":60}},"image":{"@type":"ImageObject","@id":"https:\/\/www.oafm.cz\/wp-content\/uploads\/magic-154526_640.png","url":"https:\/\/www.oafm.cz\/wp-content\/uploads\/magic-154526_640.png","height":0,"width":0},"wordCount":617,"keywords":null},{"@type":"Article","@id":"https:\/\/www.oafm.cz\/reklamni-material\/","headline":"Reklamn\u00ed materi\u00e1l","url":"https:\/\/www.oafm.cz\/reklamni-material\/","datePublished":"2023-12-11","dateModified":"2024-01-18","mainEntityOfPage":"https:\/\/www.oafm.cz\/reklamni-material\/","author":{"@type":"Person","@id":"https:\/\/www.oafm.cz\/author\/#Person","name":"","url":"https:\/\/www.oafm.cz\/author\/","identifier":1,"image":{"@type":"ImageObject","@id":"https:\/\/secure.gravatar.com\/avatar\/4ae18345300f35922a2a7b2caa17564b68acab8514eff939a8a019efde378c24?s=96&d=mm&r=g","url":"https:\/\/secure.gravatar.com\/avatar\/4ae18345300f35922a2a7b2caa17564b68acab8514eff939a8a019efde378c24?s=96&d=mm&r=g","height":96,"width":96}},"publisher":{"@type":"Organization","name":"oafm.cz","logo":{"@type":"ImageObject","@id":"\/logo.png","url":"\/logo.png","width":600,"height":60}},"image":{"@type":"ImageObject","@id":"https:\/\/www.oafm.cz\/wp-content\/uploads\/N%C3%A1vrh%20bez%20n%C3%A1zvu%20(5).png","url":"https:\/\/www.oafm.cz\/wp-content\/uploads\/N%C3%A1vrh%20bez%20n%C3%A1zvu%20(5).png","height":0,"width":0},"wordCount":547,"keywords":null},{"@type":"Article","@id":"https:\/\/www.oafm.cz\/50-je-pekne-cislo\/","headline":"50 je p\u011bkn\u00e9 \u010d\u00edslo","url":"https:\/\/www.oafm.cz\/50-je-pekne-cislo\/","datePublished":"2023-12-09","dateModified":"2023-12-09","mainEntityOfPage":"https:\/\/www.oafm.cz\/50-je-pekne-cislo\/","author":{"@type":"Person","@id":"https:\/\/www.oafm.cz\/author\/#Person","name":"","url":"https:\/\/www.oafm.cz\/author\/","identifier":1,"image":{"@type":"ImageObject","@id":"https:\/\/secure.gravatar.com\/avatar\/4ae18345300f35922a2a7b2caa17564b68acab8514eff939a8a019efde378c24?s=96&d=mm&r=g","url":"https:\/\/secure.gravatar.com\/avatar\/4ae18345300f35922a2a7b2caa17564b68acab8514eff939a8a019efde378c24?s=96&d=mm&r=g","height":96,"width":96}},"publisher":{"@type":"Organization","name":"oafm.cz","logo":{"@type":"ImageObject","@id":"\/logo.png","url":"\/logo.png","width":600,"height":60}},"image":null,"wordCount":304,"keywords":null},{"@type":"Article","@id":"https:\/\/www.oafm.cz\/jake-elektricke-spotrebice-v-domacnosti-podrobit-revizi\/","headline":"Jak\u00e9 elektrick\u00e9 spot\u0159ebi\u010de v dom\u00e1cnosti podrobit revizi","url":"https:\/\/www.oafm.cz\/jake-elektricke-spotrebice-v-domacnosti-podrobit-revizi\/","datePublished":"2023-11-13","dateModified":"2024-03-20","mainEntityOfPage":"https:\/\/www.oafm.cz\/jake-elektricke-spotrebice-v-domacnosti-podrobit-revizi\/","author":{"@type":"Person","@id":"https:\/\/www.oafm.cz\/author\/#Person","name":"","url":"https:\/\/www.oafm.cz\/author\/","identifier":1,"image":{"@type":"ImageObject","@id":"https:\/\/secure.gravatar.com\/avatar\/4ae18345300f35922a2a7b2caa17564b68acab8514eff939a8a019efde378c24?s=96&d=mm&r=g","url":"https:\/\/secure.gravatar.com\/avatar\/4ae18345300f35922a2a7b2caa17564b68acab8514eff939a8a019efde378c24?s=96&d=mm&r=g","height":96,"width":96}},"publisher":{"@type":"Organization","name":"oafm.cz","logo":{"@type":"ImageObject","@id":"\/logo.png","url":"\/logo.png","width":600,"height":60}},"image":{"@type":"ImageObject","@id":"https:\/\/www.oafm.cz\/wp-content\/uploads\/power-outlet-1794616_640_1.jpg","url":"https:\/\/www.oafm.cz\/wp-content\/uploads\/power-outlet-1794616_640_1.jpg","height":0,"width":0},"wordCount":523,"keywords":null},{"@type":"Article","@id":"https:\/\/www.oafm.cz\/diky-pronajmu-party-stanu-muzete-vasi-oslavu-uporadat-klidne-na-zahrade\/","headline":"D\u00edky pron\u00e1jmu p\u00e1rty stan\u016f m\u016f\u017eete Va\u0161i oslavu upo\u0159\u00e1dat klidn\u011b na zahrad\u011b","url":"https:\/\/www.oafm.cz\/diky-pronajmu-party-stanu-muzete-vasi-oslavu-uporadat-klidne-na-zahrade\/","datePublished":"2023-10-31","dateModified":"2023-10-31","mainEntityOfPage":"https:\/\/www.oafm.cz\/diky-pronajmu-party-stanu-muzete-vasi-oslavu-uporadat-klidne-na-zahrade\/","author":{"@type":"Person","@id":"https:\/\/www.oafm.cz\/author\/#Person","name":"","url":"https:\/\/www.oafm.cz\/author\/","identifier":1,"image":{"@type":"ImageObject","@id":"https:\/\/secure.gravatar.com\/avatar\/4ae18345300f35922a2a7b2caa17564b68acab8514eff939a8a019efde378c24?s=96&d=mm&r=g","url":"https:\/\/secure.gravatar.com\/avatar\/4ae18345300f35922a2a7b2caa17564b68acab8514eff939a8a019efde378c24?s=96&d=mm&r=g","height":96,"width":96}},"publisher":{"@type":"Organization","name":"oafm.cz","logo":{"@type":"ImageObject","@id":"\/logo.png","url":"\/logo.png","width":600,"height":60}},"image":null,"wordCount":289,"keywords":null},{"@type":"Article","@id":"https:\/\/www.oafm.cz\/s-naradim-znacky-bosch-pujde-vse-samo\/","headline":"S n\u00e1\u0159ad\u00edm zna\u010dky Bosch p\u016fjde v\u0161e samo","url":"https:\/\/www.oafm.cz\/s-naradim-znacky-bosch-pujde-vse-samo\/","datePublished":"2023-09-24","dateModified":"2023-09-24","mainEntityOfPage":"https:\/\/www.oafm.cz\/s-naradim-znacky-bosch-pujde-vse-samo\/","author":{"@type":"Person","@id":"https:\/\/www.oafm.cz\/author\/#Person","name":"","url":"https:\/\/www.oafm.cz\/author\/","identifier":1,"image":{"@type":"ImageObject","@id":"https:\/\/secure.gravatar.com\/avatar\/4ae18345300f35922a2a7b2caa17564b68acab8514eff939a8a019efde378c24?s=96&d=mm&r=g","url":"https:\/\/secure.gravatar.com\/avatar\/4ae18345300f35922a2a7b2caa17564b68acab8514eff939a8a019efde378c24?s=96&d=mm&r=g","height":96,"width":96}},"publisher":{"@type":"Organization","name":"oafm.cz","logo":{"@type":"ImageObject","@id":"\/logo.png","url":"\/logo.png","width":600,"height":60}},"image":null,"wordCount":276,"keywords":null},{"@type":"Article","@id":"https:\/\/www.oafm.cz\/prectete-si-vic-o-menstruacnich-kalhotkach\/","headline":"P\u0159e\u010dt\u011bte si v\u00edc o menstrua\u010dn\u00edch kalhotk\u00e1ch","url":"https:\/\/www.oafm.cz\/prectete-si-vic-o-menstruacnich-kalhotkach\/","datePublished":"2023-08-25","dateModified":"2024-02-13","mainEntityOfPage":"https:\/\/www.oafm.cz\/prectete-si-vic-o-menstruacnich-kalhotkach\/","author":{"@type":"Person","@id":"https:\/\/www.oafm.cz\/author\/#Person","name":"","url":"https:\/\/www.oafm.cz\/author\/","identifier":1,"image":{"@type":"ImageObject","@id":"https:\/\/secure.gravatar.com\/avatar\/4ae18345300f35922a2a7b2caa17564b68acab8514eff939a8a019efde378c24?s=96&d=mm&r=g","url":"https:\/\/secure.gravatar.com\/avatar\/4ae18345300f35922a2a7b2caa17564b68acab8514eff939a8a019efde378c24?s=96&d=mm&r=g","height":96,"width":96}},"publisher":{"@type":"Organization","name":"oafm.cz","logo":{"@type":"ImageObject","@id":"\/logo.png","url":"\/logo.png","width":600,"height":60}},"image":{"@type":"ImageObject","@id":"https:\/\/www.oafm.cz\/wp-content\/uploads\/critical-days-g50545b5c3_640_10_10_10_10_10_10_5.jpg","url":"https:\/\/www.oafm.cz\/wp-content\/uploads\/critical-days-g50545b5c3_640_10_10_10_10_10_10_5.jpg","height":0,"width":0},"wordCount":554,"keywords":null},{"@type":"Article","@id":"https:\/\/www.oafm.cz\/spickove-sluzby\/","headline":"\u0160pi\u010dkov\u00e9 slu\u017eby","url":"https:\/\/www.oafm.cz\/spickove-sluzby\/","datePublished":"2023-08-17","dateModified":"2023-08-17","mainEntityOfPage":"https:\/\/www.oafm.cz\/spickove-sluzby\/","author":{"@type":"Person","@id":"https:\/\/www.oafm.cz\/author\/#Person","name":"","url":"https:\/\/www.oafm.cz\/author\/","identifier":1,"image":{"@type":"ImageObject","@id":"https:\/\/secure.gravatar.com\/avatar\/4ae18345300f35922a2a7b2caa17564b68acab8514eff939a8a019efde378c24?s=96&d=mm&r=g","url":"https:\/\/secure.gravatar.com\/avatar\/4ae18345300f35922a2a7b2caa17564b68acab8514eff939a8a019efde378c24?s=96&d=mm&r=g","height":96,"width":96}},"publisher":{"@type":"Organization","name":"oafm.cz","logo":{"@type":"ImageObject","@id":"\/logo.png","url":"\/logo.png","width":600,"height":60}},"image":null,"wordCount":284,"keywords":null},{"@type":"Article","@id":"https:\/\/www.oafm.cz\/chybi-vam-ctyri-kola\/","headline":"Chyb\u00ed v\u00e1m \u010dty\u0159i kola?","url":"https:\/\/www.oafm.cz\/chybi-vam-ctyri-kola\/","datePublished":"2023-07-10","dateModified":"2023-07-10","mainEntityOfPage":"https:\/\/www.oafm.cz\/chybi-vam-ctyri-kola\/","author":{"@type":"Person","@id":"https:\/\/www.oafm.cz\/author\/#Person","name":"","url":"https:\/\/www.oafm.cz\/author\/","identifier":1,"image":{"@type":"ImageObject","@id":"https:\/\/secure.gravatar.com\/avatar\/4ae18345300f35922a2a7b2caa17564b68acab8514eff939a8a019efde378c24?s=96&d=mm&r=g","url":"https:\/\/secure.gravatar.com\/avatar\/4ae18345300f35922a2a7b2caa17564b68acab8514eff939a8a019efde378c24?s=96&d=mm&r=g","height":96,"width":96}},"publisher":{"@type":"Organization","name":"oafm.cz","logo":{"@type":"ImageObject","@id":"\/logo.png","url":"\/logo.png","width":600,"height":60}},"image":null,"wordCount":290,"keywords":null}]},{"@context":"https:\/\/schema.org","@type":"WebSite","@id":"https:\/\/www.oafm.cz\/#website","name":"Oafm","url":"https:\/\/www.oafm.cz","potentialAction":{"@type":"SearchAction","target":"https:\/\/www.oafm.cz\/?s={search_term_string}","query-input":"required name=search_term_string"}}]