[{"@context":"https:\/\/schema.org\/","@type":"Blog","@id":"https:\/\/www.oafm.cz#Blog","headline":"Oafm","description":"\nM\u00fdlit se je jak zn\u00e1mo lidsk\u00e9. Ale je zbyte\u010dn\u00e9 m\u00fdlit se, pokud \u010dlov\u011bk nemus\u00ed. Pro\u010d se t\u0159eba rozhodnout pro n\u011bjak\u00fd jin\u00fd web, kdy\u017e se v\u00e1m tu nab\u00edz\u00ed ten n\u00e1\u0161?","url":"https:\/\/www.oafm.cz","hasPart":[{"@type":"Article","@id":"https:\/\/www.oafm.cz\/svetla-nebo-opalena-plet-jak-se-o-ne-starat\/","headline":"Sv\u011btl\u00e1 nebo op\u00e1len\u00e1 ple\u0165? Jak se o n\u011b starat?","url":"https:\/\/www.oafm.cz\/svetla-nebo-opalena-plet-jak-se-o-ne-starat\/","datePublished":"2024-10-15","dateModified":"2024-10-15","mainEntityOfPage":"https:\/\/www.oafm.cz\/svetla-nebo-opalena-plet-jak-se-o-ne-starat\/","author":{"@type":"Person","@id":"https:\/\/www.oafm.cz\/author\/#Person","name":"","url":"https:\/\/www.oafm.cz\/author\/","identifier":1,"image":{"@type":"ImageObject","@id":"https:\/\/secure.gravatar.com\/avatar\/4ae18345300f35922a2a7b2caa17564b68acab8514eff939a8a019efde378c24?s=96&d=mm&r=g","url":"https:\/\/secure.gravatar.com\/avatar\/4ae18345300f35922a2a7b2caa17564b68acab8514eff939a8a019efde378c24?s=96&d=mm&r=g","height":96,"width":96}},"publisher":{"@type":"Organization","name":"oafm.cz","logo":{"@type":"ImageObject","@id":"\/logo.png","url":"\/logo.png","width":600,"height":60}},"image":null,"wordCount":212,"keywords":null},{"@type":"Article","@id":"https:\/\/www.oafm.cz\/dite-a-neplodnost\/","headline":"D\u00edt\u011b a neplodnost","url":"https:\/\/www.oafm.cz\/dite-a-neplodnost\/","datePublished":"2024-08-31","dateModified":"2024-08-31","mainEntityOfPage":"https:\/\/www.oafm.cz\/dite-a-neplodnost\/","author":{"@type":"Person","@id":"https:\/\/www.oafm.cz\/author\/#Person","name":"","url":"https:\/\/www.oafm.cz\/author\/","identifier":1,"image":{"@type":"ImageObject","@id":"https:\/\/secure.gravatar.com\/avatar\/4ae18345300f35922a2a7b2caa17564b68acab8514eff939a8a019efde378c24?s=96&d=mm&r=g","url":"https:\/\/secure.gravatar.com\/avatar\/4ae18345300f35922a2a7b2caa17564b68acab8514eff939a8a019efde378c24?s=96&d=mm&r=g","height":96,"width":96}},"publisher":{"@type":"Organization","name":"oafm.cz","logo":{"@type":"ImageObject","@id":"\/logo.png","url":"\/logo.png","width":600,"height":60}},"image":{"@type":"ImageObject","@id":"https:\/\/www.oafm.cz\/wp-content\/uploads\/newborn-6177485_1280.jpg","url":"https:\/\/www.oafm.cz\/wp-content\/uploads\/newborn-6177485_1280.jpg","height":0,"width":0},"wordCount":537,"keywords":null},{"@type":"Article","@id":"https:\/\/www.oafm.cz\/laska-k-motorum\/","headline":"L\u00e1ska k motor\u016fm","url":"https:\/\/www.oafm.cz\/laska-k-motorum\/","datePublished":"2024-08-28","dateModified":"2024-08-28","mainEntityOfPage":"https:\/\/www.oafm.cz\/laska-k-motorum\/","author":{"@type":"Person","@id":"https:\/\/www.oafm.cz\/author\/#Person","name":"","url":"https:\/\/www.oafm.cz\/author\/","identifier":1,"image":{"@type":"ImageObject","@id":"https:\/\/secure.gravatar.com\/avatar\/4ae18345300f35922a2a7b2caa17564b68acab8514eff939a8a019efde378c24?s=96&d=mm&r=g","url":"https:\/\/secure.gravatar.com\/avatar\/4ae18345300f35922a2a7b2caa17564b68acab8514eff939a8a019efde378c24?s=96&d=mm&r=g","height":96,"width":96}},"publisher":{"@type":"Organization","name":"oafm.cz","logo":{"@type":"ImageObject","@id":"\/logo.png","url":"\/logo.png","width":600,"height":60}},"image":{"@type":"ImageObject","@id":"https:\/\/www.oafm.cz\/wp-content\/uploads\/motor-cycle-3189712_1280.jpg","url":"https:\/\/www.oafm.cz\/wp-content\/uploads\/motor-cycle-3189712_1280.jpg","height":0,"width":0},"wordCount":562,"keywords":null},{"@type":"Article","@id":"https:\/\/www.oafm.cz\/na-co-si-dat-pozor-pri-rizeni-v-noci\/","headline":"Na co si d\u00e1t pozor p\u0159i \u0159\u00edzen\u00ed v noci","url":"https:\/\/www.oafm.cz\/na-co-si-dat-pozor-pri-rizeni-v-noci\/","datePublished":"2024-08-27","dateModified":"2024-08-27","mainEntityOfPage":"https:\/\/www.oafm.cz\/na-co-si-dat-pozor-pri-rizeni-v-noci\/","author":{"@type":"Person","@id":"https:\/\/www.oafm.cz\/author\/#Person","name":"","url":"https:\/\/www.oafm.cz\/author\/","identifier":1,"image":{"@type":"ImageObject","@id":"https:\/\/secure.gravatar.com\/avatar\/4ae18345300f35922a2a7b2caa17564b68acab8514eff939a8a019efde378c24?s=96&d=mm&r=g","url":"https:\/\/secure.gravatar.com\/avatar\/4ae18345300f35922a2a7b2caa17564b68acab8514eff939a8a019efde378c24?s=96&d=mm&r=g","height":96,"width":96}},"publisher":{"@type":"Organization","name":"oafm.cz","logo":{"@type":"ImageObject","@id":"\/logo.png","url":"\/logo.png","width":600,"height":60}},"image":{"@type":"ImageObject","@id":"https:\/\/www.oafm.cz\/wp-content\/uploads\/auto17_8.jpg","url":"https:\/\/www.oafm.cz\/wp-content\/uploads\/auto17_8.jpg","height":0,"width":0},"wordCount":532,"keywords":null},{"@type":"Article","@id":"https:\/\/www.oafm.cz\/motorku-mohou-skvele-ridit-i-zeny\/","headline":"Motorku mohou skv\u011ble \u0159\u00eddit i \u017eeny","url":"https:\/\/www.oafm.cz\/motorku-mohou-skvele-ridit-i-zeny\/","datePublished":"2024-05-22","dateModified":"2024-05-22","mainEntityOfPage":"https:\/\/www.oafm.cz\/motorku-mohou-skvele-ridit-i-zeny\/","author":{"@type":"Person","@id":"https:\/\/www.oafm.cz\/author\/#Person","name":"","url":"https:\/\/www.oafm.cz\/author\/","identifier":1,"image":{"@type":"ImageObject","@id":"https:\/\/secure.gravatar.com\/avatar\/4ae18345300f35922a2a7b2caa17564b68acab8514eff939a8a019efde378c24?s=96&d=mm&r=g","url":"https:\/\/secure.gravatar.com\/avatar\/4ae18345300f35922a2a7b2caa17564b68acab8514eff939a8a019efde378c24?s=96&d=mm&r=g","height":96,"width":96}},"publisher":{"@type":"Organization","name":"oafm.cz","logo":{"@type":"ImageObject","@id":"\/logo.png","url":"\/logo.png","width":600,"height":60}},"image":{"@type":"ImageObject","@id":"https:\/\/www.oafm.cz\/wp-content\/uploads\/motorcycle-6626809_640_2.jpg","url":"https:\/\/www.oafm.cz\/wp-content\/uploads\/motorcycle-6626809_640_2.jpg","height":0,"width":0},"wordCount":539,"keywords":null},{"@type":"Article","@id":"https:\/\/www.oafm.cz\/chladnicka-i-mrazak\/","headline":"Chladni\u010dka i mraz\u00e1k?","url":"https:\/\/www.oafm.cz\/chladnicka-i-mrazak\/","datePublished":"2024-04-24","dateModified":"2024-04-24","mainEntityOfPage":"https:\/\/www.oafm.cz\/chladnicka-i-mrazak\/","author":{"@type":"Person","@id":"https:\/\/www.oafm.cz\/author\/#Person","name":"","url":"https:\/\/www.oafm.cz\/author\/","identifier":1,"image":{"@type":"ImageObject","@id":"https:\/\/secure.gravatar.com\/avatar\/4ae18345300f35922a2a7b2caa17564b68acab8514eff939a8a019efde378c24?s=96&d=mm&r=g","url":"https:\/\/secure.gravatar.com\/avatar\/4ae18345300f35922a2a7b2caa17564b68acab8514eff939a8a019efde378c24?s=96&d=mm&r=g","height":96,"width":96}},"publisher":{"@type":"Organization","name":"oafm.cz","logo":{"@type":"ImageObject","@id":"\/logo.png","url":"\/logo.png","width":600,"height":60}},"image":null,"wordCount":292,"keywords":null},{"@type":"Article","@id":"https:\/\/www.oafm.cz\/najdete-si-ten-nejlepsi\/","headline":"Najd\u011bte si ten nejlep\u0161\u00ed","url":"https:\/\/www.oafm.cz\/najdete-si-ten-nejlepsi\/","datePublished":"2024-04-14","dateModified":"2024-04-14","mainEntityOfPage":"https:\/\/www.oafm.cz\/najdete-si-ten-nejlepsi\/","author":{"@type":"Person","@id":"https:\/\/www.oafm.cz\/author\/#Person","name":"","url":"https:\/\/www.oafm.cz\/author\/","identifier":1,"image":{"@type":"ImageObject","@id":"https:\/\/secure.gravatar.com\/avatar\/4ae18345300f35922a2a7b2caa17564b68acab8514eff939a8a019efde378c24?s=96&d=mm&r=g","url":"https:\/\/secure.gravatar.com\/avatar\/4ae18345300f35922a2a7b2caa17564b68acab8514eff939a8a019efde378c24?s=96&d=mm&r=g","height":96,"width":96}},"publisher":{"@type":"Organization","name":"oafm.cz","logo":{"@type":"ImageObject","@id":"\/logo.png","url":"\/logo.png","width":600,"height":60}},"image":null,"wordCount":262,"keywords":null},{"@type":"Article","@id":"https:\/\/www.oafm.cz\/profesionalem-na-stavby-je-firma-megas\/","headline":"Profesion\u00e1lem na stavby je firma Megas","url":"https:\/\/www.oafm.cz\/profesionalem-na-stavby-je-firma-megas\/","datePublished":"2024-04-11","dateModified":"2024-04-11","mainEntityOfPage":"https:\/\/www.oafm.cz\/profesionalem-na-stavby-je-firma-megas\/","author":{"@type":"Person","@id":"https:\/\/www.oafm.cz\/author\/#Person","name":"","url":"https:\/\/www.oafm.cz\/author\/","identifier":1,"image":{"@type":"ImageObject","@id":"https:\/\/secure.gravatar.com\/avatar\/4ae18345300f35922a2a7b2caa17564b68acab8514eff939a8a019efde378c24?s=96&d=mm&r=g","url":"https:\/\/secure.gravatar.com\/avatar\/4ae18345300f35922a2a7b2caa17564b68acab8514eff939a8a019efde378c24?s=96&d=mm&r=g","height":96,"width":96}},"publisher":{"@type":"Organization","name":"oafm.cz","logo":{"@type":"ImageObject","@id":"\/logo.png","url":"\/logo.png","width":600,"height":60}},"image":null,"wordCount":263,"keywords":null},{"@type":"Article","@id":"https:\/\/www.oafm.cz\/ceka-na-vas-nejvetsi-vyber-jizdnich-kol-a-jejich-doplnku\/","headline":"\u010cek\u00e1 na v\u00e1s nejv\u011bt\u0161\u00ed v\u00fdb\u011br j\u00edzdn\u00edch kol a jejich dopl\u0148k\u016f","url":"https:\/\/www.oafm.cz\/ceka-na-vas-nejvetsi-vyber-jizdnich-kol-a-jejich-doplnku\/","datePublished":"2024-04-03","dateModified":"2024-04-03","mainEntityOfPage":"https:\/\/www.oafm.cz\/ceka-na-vas-nejvetsi-vyber-jizdnich-kol-a-jejich-doplnku\/","author":{"@type":"Person","@id":"https:\/\/www.oafm.cz\/author\/#Person","name":"","url":"https:\/\/www.oafm.cz\/author\/","identifier":1,"image":{"@type":"ImageObject","@id":"https:\/\/secure.gravatar.com\/avatar\/4ae18345300f35922a2a7b2caa17564b68acab8514eff939a8a019efde378c24?s=96&d=mm&r=g","url":"https:\/\/secure.gravatar.com\/avatar\/4ae18345300f35922a2a7b2caa17564b68acab8514eff939a8a019efde378c24?s=96&d=mm&r=g","height":96,"width":96}},"publisher":{"@type":"Organization","name":"oafm.cz","logo":{"@type":"ImageObject","@id":"\/logo.png","url":"\/logo.png","width":600,"height":60}},"image":null,"wordCount":290,"keywords":null},{"@type":"Article","@id":"https:\/\/www.oafm.cz\/nakupte-skvele-veci-za-skvele-ceny\/","headline":"Nakupte skv\u011bl\u00e9 v\u011bci za skv\u011bl\u00e9 ceny","url":"https:\/\/www.oafm.cz\/nakupte-skvele-veci-za-skvele-ceny\/","datePublished":"2024-03-26","dateModified":"2024-03-26","mainEntityOfPage":"https:\/\/www.oafm.cz\/nakupte-skvele-veci-za-skvele-ceny\/","author":{"@type":"Person","@id":"https:\/\/www.oafm.cz\/author\/#Person","name":"","url":"https:\/\/www.oafm.cz\/author\/","identifier":1,"image":{"@type":"ImageObject","@id":"https:\/\/secure.gravatar.com\/avatar\/4ae18345300f35922a2a7b2caa17564b68acab8514eff939a8a019efde378c24?s=96&d=mm&r=g","url":"https:\/\/secure.gravatar.com\/avatar\/4ae18345300f35922a2a7b2caa17564b68acab8514eff939a8a019efde378c24?s=96&d=mm&r=g","height":96,"width":96}},"publisher":{"@type":"Organization","name":"oafm.cz","logo":{"@type":"ImageObject","@id":"\/logo.png","url":"\/logo.png","width":600,"height":60}},"image":null,"wordCount":280,"keywords":null}]},{"@context":"https:\/\/schema.org","@type":"WebSite","@id":"https:\/\/www.oafm.cz\/#website","name":"Oafm","url":"https:\/\/www.oafm.cz","potentialAction":{"@type":"SearchAction","target":"https:\/\/www.oafm.cz\/?s={search_term_string}","query-input":"required name=search_term_string"}}]