[{"@context":"https:\/\/schema.org\/","@type":"Blog","@id":"https:\/\/www.oafm.cz#Blog","headline":"Oafm","description":"\nM\u00fdlit se je jak zn\u00e1mo lidsk\u00e9. Ale je zbyte\u010dn\u00e9 m\u00fdlit se, pokud \u010dlov\u011bk nemus\u00ed. Pro\u010d se t\u0159eba rozhodnout pro n\u011bjak\u00fd jin\u00fd web, kdy\u017e se v\u00e1m tu nab\u00edz\u00ed ten n\u00e1\u0161?","url":"https:\/\/www.oafm.cz","hasPart":[{"@type":"Article","@id":"https:\/\/www.oafm.cz\/jak-vyresit-nouzi\/","headline":"Jak vy\u0159e\u0161it nouzi?","url":"https:\/\/www.oafm.cz\/jak-vyresit-nouzi\/","datePublished":"2020-01-09","dateModified":"2023-05-30","mainEntityOfPage":"https:\/\/www.oafm.cz\/jak-vyresit-nouzi\/","author":{"@type":"Person","@id":"https:\/\/www.oafm.cz\/author\/#Person","name":"","url":"https:\/\/www.oafm.cz\/author\/","identifier":1,"image":{"@type":"ImageObject","@id":"https:\/\/secure.gravatar.com\/avatar\/4ae18345300f35922a2a7b2caa17564b68acab8514eff939a8a019efde378c24?s=96&d=mm&r=g","url":"https:\/\/secure.gravatar.com\/avatar\/4ae18345300f35922a2a7b2caa17564b68acab8514eff939a8a019efde378c24?s=96&d=mm&r=g","height":96,"width":96}},"publisher":{"@type":"Organization","name":"oafm.cz","logo":{"@type":"ImageObject","@id":"\/logo.png","url":"\/logo.png","width":600,"height":60}},"image":{"@type":"ImageObject","@id":"https:\/\/www.oafm.cz\/wp-content\/uploads\/img_a378984_w4235_t1590399006.jpg","url":"https:\/\/www.oafm.cz\/wp-content\/uploads\/img_a378984_w4235_t1590399006.jpg","height":0,"width":0},"wordCount":528,"keywords":null},{"@type":"Article","@id":"https:\/\/www.oafm.cz\/feng-shui-v-praxi-jak-navrhnout-interier-v-souladu-s-prirodou\/","headline":"Feng shui v praxi \u2013 jak navrhnout interi\u00e9r v souladu s p\u0159\u00edrodou?","url":"https:\/\/www.oafm.cz\/feng-shui-v-praxi-jak-navrhnout-interier-v-souladu-s-prirodou\/","datePublished":"2020-01-01","dateModified":"2023-05-30","mainEntityOfPage":"https:\/\/www.oafm.cz\/feng-shui-v-praxi-jak-navrhnout-interier-v-souladu-s-prirodou\/","author":{"@type":"Person","@id":"https:\/\/www.oafm.cz\/author\/#Person","name":"","url":"https:\/\/www.oafm.cz\/author\/","identifier":1,"image":{"@type":"ImageObject","@id":"https:\/\/secure.gravatar.com\/avatar\/4ae18345300f35922a2a7b2caa17564b68acab8514eff939a8a019efde378c24?s=96&d=mm&r=g","url":"https:\/\/secure.gravatar.com\/avatar\/4ae18345300f35922a2a7b2caa17564b68acab8514eff939a8a019efde378c24?s=96&d=mm&r=g","height":96,"width":96}},"publisher":{"@type":"Organization","name":"oafm.cz","logo":{"@type":"ImageObject","@id":"\/logo.png","url":"\/logo.png","width":600,"height":60}},"image":{"@type":"ImageObject","@id":"https:\/\/www.oafm.cz\/wp-content\/uploads\/img_a367258_w4235_t1579764395.jpg","url":"https:\/\/www.oafm.cz\/wp-content\/uploads\/img_a367258_w4235_t1579764395.jpg","height":0,"width":0},"wordCount":551,"keywords":null},{"@type":"Article","@id":"https:\/\/www.oafm.cz\/je-prehnane-nakupovani-skutecne-nemoci\/","headline":"Je p\u0159ehnan\u00e9 nakupov\u00e1n\u00ed skute\u010dn\u011b nemoc\u00ed?","url":"https:\/\/www.oafm.cz\/je-prehnane-nakupovani-skutecne-nemoci\/","datePublished":"2019-12-20","dateModified":"2023-05-30","mainEntityOfPage":"https:\/\/www.oafm.cz\/je-prehnane-nakupovani-skutecne-nemoci\/","author":{"@type":"Person","@id":"https:\/\/www.oafm.cz\/author\/#Person","name":"","url":"https:\/\/www.oafm.cz\/author\/","identifier":1,"image":{"@type":"ImageObject","@id":"https:\/\/secure.gravatar.com\/avatar\/4ae18345300f35922a2a7b2caa17564b68acab8514eff939a8a019efde378c24?s=96&d=mm&r=g","url":"https:\/\/secure.gravatar.com\/avatar\/4ae18345300f35922a2a7b2caa17564b68acab8514eff939a8a019efde378c24?s=96&d=mm&r=g","height":96,"width":96}},"publisher":{"@type":"Organization","name":"oafm.cz","logo":{"@type":"ImageObject","@id":"\/logo.png","url":"\/logo.png","width":600,"height":60}},"image":{"@type":"ImageObject","@id":"https:\/\/www.oafm.cz\/wp-content\/uploads\/img_a363928_w4235_t1576602040.jpg","url":"https:\/\/www.oafm.cz\/wp-content\/uploads\/img_a363928_w4235_t1576602040.jpg","height":0,"width":0},"wordCount":627,"keywords":null},{"@type":"Article","@id":"https:\/\/www.oafm.cz\/ucitelske-povolani-poslani-v-pozitivnim-ci-negativnim-slova-smyslu\/","headline":"U\u010ditelsk\u00e9 povol\u00e1n\u00ed \u2013 posl\u00e1n\u00ed v pozitivn\u00edm \u010di negativn\u00edm slova smyslu?","url":"https:\/\/www.oafm.cz\/ucitelske-povolani-poslani-v-pozitivnim-ci-negativnim-slova-smyslu\/","datePublished":"2019-12-20","dateModified":"2023-05-30","mainEntityOfPage":"https:\/\/www.oafm.cz\/ucitelske-povolani-poslani-v-pozitivnim-ci-negativnim-slova-smyslu\/","author":{"@type":"Person","@id":"https:\/\/www.oafm.cz\/author\/#Person","name":"","url":"https:\/\/www.oafm.cz\/author\/","identifier":1,"image":{"@type":"ImageObject","@id":"https:\/\/secure.gravatar.com\/avatar\/4ae18345300f35922a2a7b2caa17564b68acab8514eff939a8a019efde378c24?s=96&d=mm&r=g","url":"https:\/\/secure.gravatar.com\/avatar\/4ae18345300f35922a2a7b2caa17564b68acab8514eff939a8a019efde378c24?s=96&d=mm&r=g","height":96,"width":96}},"publisher":{"@type":"Organization","name":"oafm.cz","logo":{"@type":"ImageObject","@id":"\/logo.png","url":"\/logo.png","width":600,"height":60}},"image":{"@type":"ImageObject","@id":"https:\/\/www.oafm.cz\/wp-content\/uploads\/img_a364305_w4235_t1577092846.jpg","url":"https:\/\/www.oafm.cz\/wp-content\/uploads\/img_a364305_w4235_t1577092846.jpg","height":0,"width":0},"wordCount":614,"keywords":null},{"@type":"Article","@id":"https:\/\/www.oafm.cz\/moda-volnosti-a-svobody\/","headline":"M\u00f3da volnosti a svobody","url":"https:\/\/www.oafm.cz\/moda-volnosti-a-svobody\/","datePublished":"2019-12-19","dateModified":"2023-05-30","mainEntityOfPage":"https:\/\/www.oafm.cz\/moda-volnosti-a-svobody\/","author":{"@type":"Person","@id":"https:\/\/www.oafm.cz\/author\/#Person","name":"","url":"https:\/\/www.oafm.cz\/author\/","identifier":1,"image":{"@type":"ImageObject","@id":"https:\/\/secure.gravatar.com\/avatar\/4ae18345300f35922a2a7b2caa17564b68acab8514eff939a8a019efde378c24?s=96&d=mm&r=g","url":"https:\/\/secure.gravatar.com\/avatar\/4ae18345300f35922a2a7b2caa17564b68acab8514eff939a8a019efde378c24?s=96&d=mm&r=g","height":96,"width":96}},"publisher":{"@type":"Organization","name":"oafm.cz","logo":{"@type":"ImageObject","@id":"\/logo.png","url":"\/logo.png","width":600,"height":60}},"image":{"@type":"ImageObject","@id":"https:\/\/www.oafm.cz\/wp-content\/uploads\/img_a377812_w4235_t1589274479.jpg","url":"https:\/\/www.oafm.cz\/wp-content\/uploads\/img_a377812_w4235_t1589274479.jpg","height":0,"width":0},"wordCount":463,"keywords":null},{"@type":"Article","@id":"https:\/\/www.oafm.cz\/jak-spravne-vybrat-herni-pocitac\/","headline":"Jak spr\u00e1vn\u011b vybrat hern\u00ed po\u010d\u00edta\u010d?","url":"https:\/\/www.oafm.cz\/jak-spravne-vybrat-herni-pocitac\/","datePublished":"2019-12-10","dateModified":"2023-05-30","mainEntityOfPage":"https:\/\/www.oafm.cz\/jak-spravne-vybrat-herni-pocitac\/","author":{"@type":"Person","@id":"https:\/\/www.oafm.cz\/author\/#Person","name":"","url":"https:\/\/www.oafm.cz\/author\/","identifier":1,"image":{"@type":"ImageObject","@id":"https:\/\/secure.gravatar.com\/avatar\/4ae18345300f35922a2a7b2caa17564b68acab8514eff939a8a019efde378c24?s=96&d=mm&r=g","url":"https:\/\/secure.gravatar.com\/avatar\/4ae18345300f35922a2a7b2caa17564b68acab8514eff939a8a019efde378c24?s=96&d=mm&r=g","height":96,"width":96}},"publisher":{"@type":"Organization","name":"oafm.cz","logo":{"@type":"ImageObject","@id":"\/logo.png","url":"\/logo.png","width":600,"height":60}},"image":{"@type":"ImageObject","@id":"https:\/\/www.oafm.cz\/wp-content\/uploads\/img_a364506_w4235_t1577279554.jpg","url":"https:\/\/www.oafm.cz\/wp-content\/uploads\/img_a364506_w4235_t1577279554.jpg","height":0,"width":0},"wordCount":519,"keywords":null},{"@type":"Article","@id":"https:\/\/www.oafm.cz\/jak-vest-deti-ke-cteni-od-utleho-veku\/","headline":"Jak v\u00e9st d\u011bti ke \u010dten\u00ed od \u00fatl\u00e9ho v\u011bku?","url":"https:\/\/www.oafm.cz\/jak-vest-deti-ke-cteni-od-utleho-veku\/","datePublished":"2019-12-06","dateModified":"2023-05-30","mainEntityOfPage":"https:\/\/www.oafm.cz\/jak-vest-deti-ke-cteni-od-utleho-veku\/","author":{"@type":"Person","@id":"https:\/\/www.oafm.cz\/author\/#Person","name":"","url":"https:\/\/www.oafm.cz\/author\/","identifier":1,"image":{"@type":"ImageObject","@id":"https:\/\/secure.gravatar.com\/avatar\/4ae18345300f35922a2a7b2caa17564b68acab8514eff939a8a019efde378c24?s=96&d=mm&r=g","url":"https:\/\/secure.gravatar.com\/avatar\/4ae18345300f35922a2a7b2caa17564b68acab8514eff939a8a019efde378c24?s=96&d=mm&r=g","height":96,"width":96}},"publisher":{"@type":"Organization","name":"oafm.cz","logo":{"@type":"ImageObject","@id":"\/logo.png","url":"\/logo.png","width":600,"height":60}},"image":{"@type":"ImageObject","@id":"https:\/\/www.oafm.cz\/wp-content\/uploads\/img_a364250_w4235_t1576930041.jpg","url":"https:\/\/www.oafm.cz\/wp-content\/uploads\/img_a364250_w4235_t1576930041.jpg","height":0,"width":0},"wordCount":4530,"keywords":null},{"@type":"Article","@id":"https:\/\/www.oafm.cz\/povinnost-zverejnovani-v-obchodnim-rejstriku\/","headline":"Povinnost zve\u0159ej\u0148ov\u00e1n\u00ed v obchodn\u00edm rejst\u0159\u00edku","url":"https:\/\/www.oafm.cz\/povinnost-zverejnovani-v-obchodnim-rejstriku\/","datePublished":"2019-12-03","dateModified":"2023-05-30","mainEntityOfPage":"https:\/\/www.oafm.cz\/povinnost-zverejnovani-v-obchodnim-rejstriku\/","author":{"@type":"Person","@id":"https:\/\/www.oafm.cz\/author\/#Person","name":"","url":"https:\/\/www.oafm.cz\/author\/","identifier":1,"image":{"@type":"ImageObject","@id":"https:\/\/secure.gravatar.com\/avatar\/4ae18345300f35922a2a7b2caa17564b68acab8514eff939a8a019efde378c24?s=96&d=mm&r=g","url":"https:\/\/secure.gravatar.com\/avatar\/4ae18345300f35922a2a7b2caa17564b68acab8514eff939a8a019efde378c24?s=96&d=mm&r=g","height":96,"width":96}},"publisher":{"@type":"Organization","name":"oafm.cz","logo":{"@type":"ImageObject","@id":"\/logo.png","url":"\/logo.png","width":600,"height":60}},"image":{"@type":"ImageObject","@id":"https:\/\/www.oafm.cz\/wp-content\/uploads\/img_a364208_w4235_t1576922101.jpg","url":"https:\/\/www.oafm.cz\/wp-content\/uploads\/img_a364208_w4235_t1576922101.jpg","height":0,"width":0},"wordCount":548,"keywords":null},{"@type":"Article","@id":"https:\/\/www.oafm.cz\/typy-motocyklu\/","headline":"Typy motocykl\u016f","url":"https:\/\/www.oafm.cz\/typy-motocyklu\/","datePublished":"2019-12-03","dateModified":"2023-05-30","mainEntityOfPage":"https:\/\/www.oafm.cz\/typy-motocyklu\/","author":{"@type":"Person","@id":"https:\/\/www.oafm.cz\/author\/#Person","name":"","url":"https:\/\/www.oafm.cz\/author\/","identifier":1,"image":{"@type":"ImageObject","@id":"https:\/\/secure.gravatar.com\/avatar\/4ae18345300f35922a2a7b2caa17564b68acab8514eff939a8a019efde378c24?s=96&d=mm&r=g","url":"https:\/\/secure.gravatar.com\/avatar\/4ae18345300f35922a2a7b2caa17564b68acab8514eff939a8a019efde378c24?s=96&d=mm&r=g","height":96,"width":96}},"publisher":{"@type":"Organization","name":"oafm.cz","logo":{"@type":"ImageObject","@id":"\/logo.png","url":"\/logo.png","width":600,"height":60}},"image":{"@type":"ImageObject","@id":"https:\/\/www.oafm.cz\/wp-content\/uploads\/img_a364029_w4235_t1576750283.jpg","url":"https:\/\/www.oafm.cz\/wp-content\/uploads\/img_a364029_w4235_t1576750283.jpg","height":0,"width":0},"wordCount":572,"keywords":null},{"@type":"Article","@id":"https:\/\/www.oafm.cz\/dat-vecem-misto\/","headline":"D\u00e1t v\u011bcem m\u00edsto","url":"https:\/\/www.oafm.cz\/dat-vecem-misto\/","datePublished":"2019-11-23","dateModified":"2023-05-30","mainEntityOfPage":"https:\/\/www.oafm.cz\/dat-vecem-misto\/","author":{"@type":"Person","@id":"https:\/\/www.oafm.cz\/author\/#Person","name":"","url":"https:\/\/www.oafm.cz\/author\/","identifier":1,"image":{"@type":"ImageObject","@id":"https:\/\/secure.gravatar.com\/avatar\/4ae18345300f35922a2a7b2caa17564b68acab8514eff939a8a019efde378c24?s=96&d=mm&r=g","url":"https:\/\/secure.gravatar.com\/avatar\/4ae18345300f35922a2a7b2caa17564b68acab8514eff939a8a019efde378c24?s=96&d=mm&r=g","height":96,"width":96}},"publisher":{"@type":"Organization","name":"oafm.cz","logo":{"@type":"ImageObject","@id":"\/logo.png","url":"\/logo.png","width":600,"height":60}},"image":{"@type":"ImageObject","@id":"https:\/\/www.oafm.cz\/wp-content\/uploads\/img_a369469_w2150_t1581591258.jpg","url":"https:\/\/www.oafm.cz\/wp-content\/uploads\/img_a369469_w2150_t1581591258.jpg","height":0,"width":0},"wordCount":4482,"keywords":null}]},{"@context":"https:\/\/schema.org","@type":"WebSite","@id":"https:\/\/www.oafm.cz\/#website","name":"Oafm","url":"https:\/\/www.oafm.cz","potentialAction":{"@type":"SearchAction","target":"https:\/\/www.oafm.cz\/?s={search_term_string}","query-input":"required name=search_term_string"}}]