[{"@context":"https:\/\/schema.org\/","@type":"Blog","@id":"https:\/\/www.oafm.cz#Blog","headline":"Oafm","description":"\nM\u00fdlit se je jak zn\u00e1mo lidsk\u00e9. Ale je zbyte\u010dn\u00e9 m\u00fdlit se, pokud \u010dlov\u011bk nemus\u00ed. Pro\u010d se t\u0159eba rozhodnout pro n\u011bjak\u00fd jin\u00fd web, kdy\u017e se v\u00e1m tu nab\u00edz\u00ed ten n\u00e1\u0161?","url":"https:\/\/www.oafm.cz","hasPart":[{"@type":"Article","@id":"https:\/\/www.oafm.cz\/cisteni-kobercu-je-nezbytny-proces-samotny-vysavac-na-to-nestaci\/","headline":"\u010ci\u0161t\u011bn\u00ed koberc\u016f je nezbytn\u00fd proces, samotn\u00fd vysava\u010d na to nesta\u010d\u00ed","url":"https:\/\/www.oafm.cz\/cisteni-kobercu-je-nezbytny-proces-samotny-vysavac-na-to-nestaci\/","datePublished":"2021-12-24","dateModified":"2023-05-30","mainEntityOfPage":"https:\/\/www.oafm.cz\/cisteni-kobercu-je-nezbytny-proces-samotny-vysavac-na-to-nestaci\/","author":{"@type":"Person","@id":"https:\/\/www.oafm.cz\/author\/#Person","name":"","url":"https:\/\/www.oafm.cz\/author\/","identifier":1,"image":{"@type":"ImageObject","@id":"https:\/\/secure.gravatar.com\/avatar\/4ae18345300f35922a2a7b2caa17564b68acab8514eff939a8a019efde378c24?s=96&d=mm&r=g","url":"https:\/\/secure.gravatar.com\/avatar\/4ae18345300f35922a2a7b2caa17564b68acab8514eff939a8a019efde378c24?s=96&d=mm&r=g","height":96,"width":96}},"publisher":{"@type":"Organization","name":"oafm.cz","logo":{"@type":"ImageObject","@id":"\/logo.png","url":"\/logo.png","width":600,"height":60}},"image":{"@type":"ImageObject","@id":"https:\/\/www.oafm.cz\/wp-content\/uploads\/living-room-g8388e4ab8_640.jpg","url":"https:\/\/www.oafm.cz\/wp-content\/uploads\/living-room-g8388e4ab8_640.jpg","height":0,"width":0},"wordCount":571,"keywords":null},{"@type":"Article","@id":"https:\/\/www.oafm.cz\/aby-se-vam-z-tocitych-schodu-nezatocila-hlava\/","headline":"Aby se v\u00e1m z to\u010dit\u00fdch schod\u016f nezato\u010dila hlava","url":"https:\/\/www.oafm.cz\/aby-se-vam-z-tocitych-schodu-nezatocila-hlava\/","datePublished":"2021-11-27","dateModified":"2023-05-31","mainEntityOfPage":"https:\/\/www.oafm.cz\/aby-se-vam-z-tocitych-schodu-nezatocila-hlava\/","author":{"@type":"Person","@id":"https:\/\/www.oafm.cz\/author\/#Person","name":"","url":"https:\/\/www.oafm.cz\/author\/","identifier":1,"image":{"@type":"ImageObject","@id":"https:\/\/secure.gravatar.com\/avatar\/4ae18345300f35922a2a7b2caa17564b68acab8514eff939a8a019efde378c24?s=96&d=mm&r=g","url":"https:\/\/secure.gravatar.com\/avatar\/4ae18345300f35922a2a7b2caa17564b68acab8514eff939a8a019efde378c24?s=96&d=mm&r=g","height":96,"width":96}},"publisher":{"@type":"Organization","name":"oafm.cz","logo":{"@type":"ImageObject","@id":"\/logo.png","url":"\/logo.png","width":600,"height":60}},"image":{"@type":"ImageObject","@id":"https:\/\/www.oafm.cz\/wp-content\/uploads\/spiral-staircase-g116be06a2_640.jpg","url":"https:\/\/www.oafm.cz\/wp-content\/uploads\/spiral-staircase-g116be06a2_640.jpg","height":0,"width":0},"wordCount":596,"keywords":null},{"@type":"Article","@id":"https:\/\/www.oafm.cz\/dite-s-rozmyslem\/","headline":"D\u00cdT\u011a s rozmyslem","url":"https:\/\/www.oafm.cz\/dite-s-rozmyslem\/","datePublished":"2021-11-14","dateModified":"2023-05-30","mainEntityOfPage":"https:\/\/www.oafm.cz\/dite-s-rozmyslem\/","author":{"@type":"Person","@id":"https:\/\/www.oafm.cz\/author\/#Person","name":"","url":"https:\/\/www.oafm.cz\/author\/","identifier":1,"image":{"@type":"ImageObject","@id":"https:\/\/secure.gravatar.com\/avatar\/4ae18345300f35922a2a7b2caa17564b68acab8514eff939a8a019efde378c24?s=96&d=mm&r=g","url":"https:\/\/secure.gravatar.com\/avatar\/4ae18345300f35922a2a7b2caa17564b68acab8514eff939a8a019efde378c24?s=96&d=mm&r=g","height":96,"width":96}},"publisher":{"@type":"Organization","name":"oafm.cz","logo":{"@type":"ImageObject","@id":"\/logo.png","url":"\/logo.png","width":600,"height":60}},"image":{"@type":"ImageObject","@id":"https:\/\/www.oafm.cz\/wp-content\/uploads\/mama-1434708_960_720.jpg","url":"https:\/\/www.oafm.cz\/wp-content\/uploads\/mama-1434708_960_720.jpg","height":0,"width":0},"wordCount":837,"keywords":null},{"@type":"Article","@id":"https:\/\/www.oafm.cz\/pri-hubnuti-mejte-realne-cile\/","headline":"P\u0159i hubnut\u00ed m\u011bjte re\u00e1ln\u00e9 c\u00edle","url":"https:\/\/www.oafm.cz\/pri-hubnuti-mejte-realne-cile\/","datePublished":"2021-09-22","dateModified":"2023-05-30","mainEntityOfPage":"https:\/\/www.oafm.cz\/pri-hubnuti-mejte-realne-cile\/","author":{"@type":"Person","@id":"https:\/\/www.oafm.cz\/author\/#Person","name":"","url":"https:\/\/www.oafm.cz\/author\/","identifier":1,"image":{"@type":"ImageObject","@id":"https:\/\/secure.gravatar.com\/avatar\/4ae18345300f35922a2a7b2caa17564b68acab8514eff939a8a019efde378c24?s=96&d=mm&r=g","url":"https:\/\/secure.gravatar.com\/avatar\/4ae18345300f35922a2a7b2caa17564b68acab8514eff939a8a019efde378c24?s=96&d=mm&r=g","height":96,"width":96}},"publisher":{"@type":"Organization","name":"oafm.cz","logo":{"@type":"ImageObject","@id":"\/logo.png","url":"\/logo.png","width":600,"height":60}},"image":{"@type":"ImageObject","@id":"https:\/\/www.oafm.cz\/wp-content\/uploads\/seznam%20p%C5%99edsevzet%C3%AD.jpg","url":"https:\/\/www.oafm.cz\/wp-content\/uploads\/seznam%20p%C5%99edsevzet%C3%AD.jpg","height":0,"width":0},"wordCount":662,"keywords":null},{"@type":"Article","@id":"https:\/\/www.oafm.cz\/domaci-pomocnici-bez-kterych-se-neobejdeme\/","headline":"Dom\u00e1c\u00ed pomocn\u00edci, bez kter\u00fdch se neobejdeme","url":"https:\/\/www.oafm.cz\/domaci-pomocnici-bez-kterych-se-neobejdeme\/","datePublished":"2021-09-22","dateModified":"2023-05-30","mainEntityOfPage":"https:\/\/www.oafm.cz\/domaci-pomocnici-bez-kterych-se-neobejdeme\/","author":{"@type":"Person","@id":"https:\/\/www.oafm.cz\/author\/#Person","name":"","url":"https:\/\/www.oafm.cz\/author\/","identifier":1,"image":{"@type":"ImageObject","@id":"https:\/\/secure.gravatar.com\/avatar\/4ae18345300f35922a2a7b2caa17564b68acab8514eff939a8a019efde378c24?s=96&d=mm&r=g","url":"https:\/\/secure.gravatar.com\/avatar\/4ae18345300f35922a2a7b2caa17564b68acab8514eff939a8a019efde378c24?s=96&d=mm&r=g","height":96,"width":96}},"publisher":{"@type":"Organization","name":"oafm.cz","logo":{"@type":"ImageObject","@id":"\/logo.png","url":"\/logo.png","width":600,"height":60}},"image":{"@type":"ImageObject","@id":"https:\/\/www.oafm.cz\/wp-content\/uploads\/robot-vacuum-cleaner-3786243_640_1.jpg","url":"https:\/\/www.oafm.cz\/wp-content\/uploads\/robot-vacuum-cleaner-3786243_640_1.jpg","height":0,"width":0},"wordCount":634,"keywords":null},{"@type":"Article","@id":"https:\/\/www.oafm.cz\/vyber-skoly-je-zalezitosti-ditete-i-rodicu\/","headline":"V\u00fdb\u011br \u0161koly je z\u00e1le\u017eitost\u00ed d\u00edt\u011bte i rodi\u010d\u016f","url":"https:\/\/www.oafm.cz\/vyber-skoly-je-zalezitosti-ditete-i-rodicu\/","datePublished":"2021-08-29","dateModified":"2023-05-30","mainEntityOfPage":"https:\/\/www.oafm.cz\/vyber-skoly-je-zalezitosti-ditete-i-rodicu\/","author":{"@type":"Person","@id":"https:\/\/www.oafm.cz\/author\/#Person","name":"","url":"https:\/\/www.oafm.cz\/author\/","identifier":1,"image":{"@type":"ImageObject","@id":"https:\/\/secure.gravatar.com\/avatar\/4ae18345300f35922a2a7b2caa17564b68acab8514eff939a8a019efde378c24?s=96&d=mm&r=g","url":"https:\/\/secure.gravatar.com\/avatar\/4ae18345300f35922a2a7b2caa17564b68acab8514eff939a8a019efde378c24?s=96&d=mm&r=g","height":96,"width":96}},"publisher":{"@type":"Organization","name":"oafm.cz","logo":{"@type":"ImageObject","@id":"\/logo.png","url":"\/logo.png","width":600,"height":60}},"image":{"@type":"ImageObject","@id":"https:\/\/www.oafm.cz\/wp-content\/uploads\/pokemon-1543556_640.jpg","url":"https:\/\/www.oafm.cz\/wp-content\/uploads\/pokemon-1543556_640.jpg","height":0,"width":0},"wordCount":731,"keywords":null},{"@type":"Article","@id":"https:\/\/www.oafm.cz\/je-externi-predseda-svj-lepsi-nez-klasicky\/","headline":"Je extern\u00ed p\u0159edseda SVJ lep\u0161\u00ed ne\u017e klasick\u00fd?","url":"https:\/\/www.oafm.cz\/je-externi-predseda-svj-lepsi-nez-klasicky\/","datePublished":"2021-08-14","dateModified":"2023-05-30","mainEntityOfPage":"https:\/\/www.oafm.cz\/je-externi-predseda-svj-lepsi-nez-klasicky\/","author":{"@type":"Person","@id":"https:\/\/www.oafm.cz\/author\/#Person","name":"","url":"https:\/\/www.oafm.cz\/author\/","identifier":1,"image":{"@type":"ImageObject","@id":"https:\/\/secure.gravatar.com\/avatar\/4ae18345300f35922a2a7b2caa17564b68acab8514eff939a8a019efde378c24?s=96&d=mm&r=g","url":"https:\/\/secure.gravatar.com\/avatar\/4ae18345300f35922a2a7b2caa17564b68acab8514eff939a8a019efde378c24?s=96&d=mm&r=g","height":96,"width":96}},"publisher":{"@type":"Organization","name":"oafm.cz","logo":{"@type":"ImageObject","@id":"\/logo.png","url":"\/logo.png","width":600,"height":60}},"image":{"@type":"ImageObject","@id":"https:\/\/www.oafm.cz\/wp-content\/uploads\/predseda3.jpg","url":"https:\/\/www.oafm.cz\/wp-content\/uploads\/predseda3.jpg","height":0,"width":0},"wordCount":660,"keywords":null},{"@type":"Article","@id":"https:\/\/www.oafm.cz\/jak-udelat-utulny-pokoj\/","headline":"Jak ud\u011blat \u00fatuln\u00fd pokoj","url":"https:\/\/www.oafm.cz\/jak-udelat-utulny-pokoj\/","datePublished":"2021-08-12","dateModified":"2023-05-30","mainEntityOfPage":"https:\/\/www.oafm.cz\/jak-udelat-utulny-pokoj\/","author":{"@type":"Person","@id":"https:\/\/www.oafm.cz\/author\/#Person","name":"","url":"https:\/\/www.oafm.cz\/author\/","identifier":1,"image":{"@type":"ImageObject","@id":"https:\/\/secure.gravatar.com\/avatar\/4ae18345300f35922a2a7b2caa17564b68acab8514eff939a8a019efde378c24?s=96&d=mm&r=g","url":"https:\/\/secure.gravatar.com\/avatar\/4ae18345300f35922a2a7b2caa17564b68acab8514eff939a8a019efde378c24?s=96&d=mm&r=g","height":96,"width":96}},"publisher":{"@type":"Organization","name":"oafm.cz","logo":{"@type":"ImageObject","@id":"\/logo.png","url":"\/logo.png","width":600,"height":60}},"image":{"@type":"ImageObject","@id":"https:\/\/www.oafm.cz\/wp-content\/uploads\/living-room-g9a17cbd51_1920.jpg","url":"https:\/\/www.oafm.cz\/wp-content\/uploads\/living-room-g9a17cbd51_1920.jpg","height":0,"width":0},"wordCount":551,"keywords":null},{"@type":"Article","@id":"https:\/\/www.oafm.cz\/co-vas-ceka-s-knizkovym-obalem-na-mobil-huawei\/","headline":"Co v\u00e1s \u010dek\u00e1 s kn\u00ed\u017ekov\u00fdm obalem na mobil Huawei","url":"https:\/\/www.oafm.cz\/co-vas-ceka-s-knizkovym-obalem-na-mobil-huawei\/","datePublished":"2021-08-07","dateModified":"2023-05-30","mainEntityOfPage":"https:\/\/www.oafm.cz\/co-vas-ceka-s-knizkovym-obalem-na-mobil-huawei\/","author":{"@type":"Person","@id":"https:\/\/www.oafm.cz\/author\/#Person","name":"","url":"https:\/\/www.oafm.cz\/author\/","identifier":1,"image":{"@type":"ImageObject","@id":"https:\/\/secure.gravatar.com\/avatar\/4ae18345300f35922a2a7b2caa17564b68acab8514eff939a8a019efde378c24?s=96&d=mm&r=g","url":"https:\/\/secure.gravatar.com\/avatar\/4ae18345300f35922a2a7b2caa17564b68acab8514eff939a8a019efde378c24?s=96&d=mm&r=g","height":96,"width":96}},"publisher":{"@type":"Organization","name":"oafm.cz","logo":{"@type":"ImageObject","@id":"\/logo.png","url":"\/logo.png","width":600,"height":60}},"image":{"@type":"ImageObject","@id":"https:\/\/www.oafm.cz\/wp-content\/uploads\/d%C3%ADvka%20s%20mobilem_10_10.jpg","url":"https:\/\/www.oafm.cz\/wp-content\/uploads\/d%C3%ADvka%20s%20mobilem_10_10.jpg","height":0,"width":0},"wordCount":548,"keywords":null},{"@type":"Article","@id":"https:\/\/www.oafm.cz\/za-vse-se-plati\/","headline":"Za v\u0161e se plat\u00ed","url":"https:\/\/www.oafm.cz\/za-vse-se-plati\/","datePublished":"2021-07-24","dateModified":"2023-05-30","mainEntityOfPage":"https:\/\/www.oafm.cz\/za-vse-se-plati\/","author":{"@type":"Person","@id":"https:\/\/www.oafm.cz\/author\/#Person","name":"","url":"https:\/\/www.oafm.cz\/author\/","identifier":1,"image":{"@type":"ImageObject","@id":"https:\/\/secure.gravatar.com\/avatar\/4ae18345300f35922a2a7b2caa17564b68acab8514eff939a8a019efde378c24?s=96&d=mm&r=g","url":"https:\/\/secure.gravatar.com\/avatar\/4ae18345300f35922a2a7b2caa17564b68acab8514eff939a8a019efde378c24?s=96&d=mm&r=g","height":96,"width":96}},"publisher":{"@type":"Organization","name":"oafm.cz","logo":{"@type":"ImageObject","@id":"\/logo.png","url":"\/logo.png","width":600,"height":60}},"image":{"@type":"ImageObject","@id":"https:\/\/www.oafm.cz\/wp-content\/uploads\/pen%C3%ADze%20p%C5%99es%20internet.jpg","url":"https:\/\/www.oafm.cz\/wp-content\/uploads\/pen%C3%ADze%20p%C5%99es%20internet.jpg","height":0,"width":0},"wordCount":780,"keywords":null}]},{"@context":"https:\/\/schema.org","@type":"WebSite","@id":"https:\/\/www.oafm.cz\/#website","name":"Oafm","url":"https:\/\/www.oafm.cz","potentialAction":{"@type":"SearchAction","target":"https:\/\/www.oafm.cz\/?s={search_term_string}","query-input":"required name=search_term_string"}}]