[{"@context":"https:\/\/schema.org\/","@type":"Article","@id":"https:\/\/www.oafm.cz\/padani-vlasu-predstavuje-nocni-muru\/#Article","mainEntityOfPage":"https:\/\/www.oafm.cz\/padani-vlasu-predstavuje-nocni-muru\/","headline":"Pad\u00e1n\u00ed vlas\u016f p\u0159edstavuje no\u010dn\u00ed m\u016fru","name":"Pad\u00e1n\u00ed vlas\u016f p\u0159edstavuje no\u010dn\u00ed m\u016fru","description":"Ka\u017ed\u00e1 \u017eena, ale i mu\u017e sn\u00ed o bohat\u00e9 h\u0159\u00edv\u011b pln\u00e9 zdrav\u00fdch a z\u00e1\u0159iv\u00fdch vlas\u016f. Probl\u00e9m nastane, pokud V\u00e1m za\u010dnou ne\u0159\u00edzen\u011b padat vlasy a vy nev\u00edte co si s t\u00edm po\u010d\u00edt. Pad\u00e1n\u00ed vlas\u016f m\u016f\u017ee m\u00edt za &hellip; ","datePublished":"2023-05-30","dateModified":"2023-05-30","author":{"@type":"Person","@id":"https:\/\/www.oafm.cz\/author\/#Person","name":"","url":"https:\/\/www.oafm.cz\/author\/","identifier":1,"image":{"@type":"ImageObject","@id":"https:\/\/secure.gravatar.com\/avatar\/4ae18345300f35922a2a7b2caa17564b68acab8514eff939a8a019efde378c24?s=96&d=mm&r=g","url":"https:\/\/secure.gravatar.com\/avatar\/4ae18345300f35922a2a7b2caa17564b68acab8514eff939a8a019efde378c24?s=96&d=mm&r=g","height":96,"width":96}},"publisher":{"@type":"Organization","name":"oafm.cz","logo":{"@type":"ImageObject","@id":"\/logo.png","url":"\/logo.png","width":600,"height":60}},"image":{"@type":"ImageObject","@id":"https:\/\/www.oafm.cz\/wp-content\/uploads\/img_a317821_w2079_t1528616386.jpg","url":"https:\/\/www.oafm.cz\/wp-content\/uploads\/img_a317821_w2079_t1528616386.jpg","height":0,"width":0},"url":"https:\/\/www.oafm.cz\/padani-vlasu-predstavuje-nocni-muru\/","wordCount":473,"articleBody":"Ka\u017ed\u00e1 \u017eena, ale i mu\u017e sn\u00ed o bohat\u00e9 h\u0159\u00edv\u011b pln\u00e9 zdrav\u00fdch a z\u00e1\u0159iv\u00fdch vlas\u016f. Probl\u00e9m nastane, pokud V\u00e1m za\u010dnou ne\u0159\u00edzen\u011b padat vlasy a vy nev\u00edte co si s t\u00edm po\u010d\u00edt. Pad\u00e1n\u00ed vlas\u016f m\u016f\u017ee m\u00edt za n\u00e1sledek mnoho p\u0159\u00ed\u010din. M\u016f\u017ee se jednat o \u0161patn\u00fd \u00fa\u010des, ale tak\u00e9 i v\u00e1\u017en\u00e9 onemocn\u011bn\u00ed. Je pot\u0159eba, ale rozli\u0161it zda se jedn\u00e1 o norm\u00e1ln\u00ed vypad\u00e1van\u00ed vlas\u016f anebo nadm\u011brn\u00e9 vypad\u00e1v\u00e1n\u00ed vlas\u016f. Pr\u016fm\u011brn\u00fd \u010dlov\u011bk m\u00e1 na hlav\u011b p\u0159ibli\u017en\u011b n\u011bco okolo sto tis\u00edc vlas\u016f. Denn\u011b ka\u017ed\u00fd z\u00a0n\u00e1s m\u016f\u017ee p\u0159ij\u00edt o des\u00edtky a\u017e stovky vlas\u016f.Jeliko\u017e vlasy, ale neust\u00e1le dor\u016fstaj\u00ed, jedn\u00e1 se o p\u0159irozenou obm\u011bnu vlasov\u00e9ho porostu hlavy. Tedy nejedn\u00e1 se o nic neobvykl\u00e9ho. Pokud, ale V\u00e1m vlasy za\u010dnou padat nadm\u00edru a nach\u00e1z\u00edte je na oble\u010den\u00ed, pol\u0161t\u00e1\u0159i nebo v\u00a0h\u0159ebenu a p\u0159i zat\u00e1h\u00e1n\u00ed V\u00e1m v\u00a0ruce z\u016fstane trs vlas\u016f, je ur\u010dit\u011b n\u011bco \u0161patn\u011b. A v\u00a0tu chv\u00edli, je pot\u0159eba zpozorn\u011bt. P\u0159\u00ed\u010din m\u016f\u017ee b\u00fdt opravdu mnoho a je dobr\u00e9 za\u010d\u00edt u toho, jak o sv\u00e9 vlasy pe\u010dujete.\u00a0\tP\u00e9\u010de o vlasy je d\u016fle\u017eit\u00e1Velmi \u010dast\u00fdm d\u016fvodem vypad\u00e1van\u00ed vlas\u016f je pou\u017e\u00edv\u00e1n\u00ed \u0161patn\u00e9 vlasov\u00e9 kosmetiky. Ta m\u016f\u017ee velmi vlasov\u00fd porost zat\u011b\u017eovat. Pokud si mysl\u00edte, \u017ee pom\u00e1h\u00e1te vlas\u016fm t\u00edm, \u017ee pou\u017e\u00edv\u00e1te r\u016fzn\u00e9 \u0161ampony, kondicion\u00e9ry, vlasov\u00e9 masky a balz\u00e1my tak opak je pravdou. Je pot\u0159eba vyb\u00edrat jemn\u00e9 \u0161ampony nejl\u00e9pe na p\u0159\u00edrodn\u00ed b\u00e1zi, kter\u00e9 vlasy nezat\u011b\u017euj\u00ed. Pestrou nab\u00eddku najdete v\u00a0lep\u0161\u00edch drog\u00e9ri\u00edch nebo l\u00e9k\u00e1rn\u00e1ch. Vyhn\u011bte se pot\u00e9 dal\u0161\u00edm v\u00fdrobk\u016fm, kter\u00e9 pro vlasy nejsou pot\u0159eba. Ani barven\u00ed vlas\u016f nen\u00ed to prav\u00e9 o\u0159echov\u00e9. Pokud, ale vlasy si barvit mus\u00edte nebo chcete, zkuste vyu\u017e\u00edvat u toho \u0161etrn\u011bj\u0161\u00ed alternativy bez agresivn\u00edho peroxidu. Pokud si nev\u00edte rady, tak kade\u0159nice V\u00e1m r\u00e1dy porad\u00ed.\u00a0\tZdrav\u00ed versus vypad\u00e1van\u00ed vlas\u016f\u00a0To, \u017ee nejste zdravotn\u011b \u00fapln\u011b v\u00a0po\u0159\u00e1dku, zjist\u00edte pr\u00e1v\u011b i podle vlas\u016f. V\u011bt\u0161inou za t\u00edm stoj\u00ed stres v\u00a0pr\u00e1ci nebo doma. Probl\u00e9m pad\u00e1n\u00ed vlas\u016f, ale m\u016f\u017ee tak\u00e9 souviset s\u00a0hormon\u00e1ln\u00edmi v\u00fdkyvy v\u00a0t\u011ble. Poko\u017eka hlavy je m\u00e9n\u011b prokrven\u00e1 a to m\u00e1 vliv na kvalitu vlas\u016f. A jak si pomoci? Tento stav zm\u011bn\u00edte, pokud za\u010dnete u\u017e\u00edvat B komplex. Je to dopln\u011bk stravy, kter\u00fd Va\u0161e v\u00fdkyvy uklidn\u00ed.                                                                                                                                                                                                                                                                                                                                                                                        4\/5 - (7 votes)        "},{"@context":"https:\/\/schema.org\/","@type":"BreadcrumbList","itemListElement":[{"@type":"ListItem","position":1,"name":"Pad\u00e1n\u00ed vlas\u016f p\u0159edstavuje no\u010dn\u00ed m\u016fru","item":"https:\/\/www.oafm.cz\/padani-vlasu-predstavuje-nocni-muru\/#breadcrumbitem"}]}]