{"@context":"https:\/\/schema.org\/","@type":"CollectionPage","@id":"https:\/\/www.oafm.cz\/nakupovani\/#CollectionPage","headline":"Nakupov\u00e1n\u00ed Category","description":"","url":"https:\/\/www.oafm.cz\/nakupovani\/","hasPart":[{"@type":"Article","@id":"https:\/\/www.oafm.cz\/prace-s-kontejnery\/","headline":"Pr\u00e1ce s kontejnery","url":"https:\/\/www.oafm.cz\/prace-s-kontejnery\/","datePublished":"2022-10-28","dateModified":"2023-12-13","mainEntityOfPage":"https:\/\/www.oafm.cz\/prace-s-kontejnery\/","author":{"@type":"Person","@id":"https:\/\/www.oafm.cz\/author\/#Person","name":"","url":"https:\/\/www.oafm.cz\/author\/","identifier":1,"image":{"@type":"ImageObject","@id":"https:\/\/secure.gravatar.com\/avatar\/4ae18345300f35922a2a7b2caa17564b68acab8514eff939a8a019efde378c24?s=96&d=mm&r=g","url":"https:\/\/secure.gravatar.com\/avatar\/4ae18345300f35922a2a7b2caa17564b68acab8514eff939a8a019efde378c24?s=96&d=mm&r=g","height":96,"width":96}},"publisher":{"@type":"Organization","name":"oafm.cz","logo":{"@type":"ImageObject","@id":"\/logo.png","url":"\/logo.png","width":600,"height":60}},"image":{"@type":"ImageObject","@id":"https:\/\/www.oafm.cz\/wp-content\/uploads\/christmas-6174917_960_720_1.jpg","url":"https:\/\/www.oafm.cz\/wp-content\/uploads\/christmas-6174917_960_720_1.jpg","height":0,"width":0},"keywords":null},{"@type":"Article","@id":"https:\/\/www.oafm.cz\/vyroba-zavitu\/","headline":"V\u00fdroba z\u00e1vit\u016f","url":"https:\/\/www.oafm.cz\/vyroba-zavitu\/","datePublished":"2022-09-18","dateModified":"2023-05-30","mainEntityOfPage":"https:\/\/www.oafm.cz\/vyroba-zavitu\/","author":{"@type":"Person","@id":"https:\/\/www.oafm.cz\/author\/#Person","name":"","url":"https:\/\/www.oafm.cz\/author\/","identifier":1,"image":{"@type":"ImageObject","@id":"https:\/\/secure.gravatar.com\/avatar\/4ae18345300f35922a2a7b2caa17564b68acab8514eff939a8a019efde378c24?s=96&d=mm&r=g","url":"https:\/\/secure.gravatar.com\/avatar\/4ae18345300f35922a2a7b2caa17564b68acab8514eff939a8a019efde378c24?s=96&d=mm&r=g","height":96,"width":96}},"publisher":{"@type":"Organization","name":"oafm.cz","logo":{"@type":"ImageObject","@id":"\/logo.png","url":"\/logo.png","width":600,"height":60}},"image":{"@type":"ImageObject","@id":"https:\/\/www.oafm.cz\/wp-content\/uploads\/screw-3657101_960_720_2.jpg","url":"https:\/\/www.oafm.cz\/wp-content\/uploads\/screw-3657101_960_720_2.jpg","height":0,"width":0},"keywords":null},{"@type":"Article","@id":"https:\/\/www.oafm.cz\/zivot-je-plny-poteseni\/","headline":"\u017divot je pln\u00fd pot\u011b\u0161en\u00ed","url":"https:\/\/www.oafm.cz\/zivot-je-plny-poteseni\/","datePublished":"2022-08-21","dateModified":"2023-05-30","mainEntityOfPage":"https:\/\/www.oafm.cz\/zivot-je-plny-poteseni\/","author":{"@type":"Person","@id":"https:\/\/www.oafm.cz\/author\/#Person","name":"","url":"https:\/\/www.oafm.cz\/author\/","identifier":1,"image":{"@type":"ImageObject","@id":"https:\/\/secure.gravatar.com\/avatar\/4ae18345300f35922a2a7b2caa17564b68acab8514eff939a8a019efde378c24?s=96&d=mm&r=g","url":"https:\/\/secure.gravatar.com\/avatar\/4ae18345300f35922a2a7b2caa17564b68acab8514eff939a8a019efde378c24?s=96&d=mm&r=g","height":96,"width":96}},"publisher":{"@type":"Organization","name":"oafm.cz","logo":{"@type":"ImageObject","@id":"\/logo.png","url":"\/logo.png","width":600,"height":60}},"image":{"@type":"ImageObject","@id":"https:\/\/www.oafm.cz\/wp-content\/uploads\/man-909049_640.jpg","url":"https:\/\/www.oafm.cz\/wp-content\/uploads\/man-909049_640.jpg","height":0,"width":0},"keywords":null},{"@type":"Article","@id":"https:\/\/www.oafm.cz\/cisteni-kobercu-je-nezbytny-proces-samotny-vysavac-na-to-nestaci\/","headline":"\u010ci\u0161t\u011bn\u00ed koberc\u016f je nezbytn\u00fd proces, samotn\u00fd vysava\u010d na to nesta\u010d\u00ed","url":"https:\/\/www.oafm.cz\/cisteni-kobercu-je-nezbytny-proces-samotny-vysavac-na-to-nestaci\/","datePublished":"2021-12-24","dateModified":"2023-05-30","mainEntityOfPage":"https:\/\/www.oafm.cz\/cisteni-kobercu-je-nezbytny-proces-samotny-vysavac-na-to-nestaci\/","author":{"@type":"Person","@id":"https:\/\/www.oafm.cz\/author\/#Person","name":"","url":"https:\/\/www.oafm.cz\/author\/","identifier":1,"image":{"@type":"ImageObject","@id":"https:\/\/secure.gravatar.com\/avatar\/4ae18345300f35922a2a7b2caa17564b68acab8514eff939a8a019efde378c24?s=96&d=mm&r=g","url":"https:\/\/secure.gravatar.com\/avatar\/4ae18345300f35922a2a7b2caa17564b68acab8514eff939a8a019efde378c24?s=96&d=mm&r=g","height":96,"width":96}},"publisher":{"@type":"Organization","name":"oafm.cz","logo":{"@type":"ImageObject","@id":"\/logo.png","url":"\/logo.png","width":600,"height":60}},"image":{"@type":"ImageObject","@id":"https:\/\/www.oafm.cz\/wp-content\/uploads\/living-room-g8388e4ab8_640.jpg","url":"https:\/\/www.oafm.cz\/wp-content\/uploads\/living-room-g8388e4ab8_640.jpg","height":0,"width":0},"keywords":null},{"@type":"Article","@id":"https:\/\/www.oafm.cz\/pri-hubnuti-mejte-realne-cile\/","headline":"P\u0159i hubnut\u00ed m\u011bjte re\u00e1ln\u00e9 c\u00edle","url":"https:\/\/www.oafm.cz\/pri-hubnuti-mejte-realne-cile\/","datePublished":"2021-09-22","dateModified":"2023-05-30","mainEntityOfPage":"https:\/\/www.oafm.cz\/pri-hubnuti-mejte-realne-cile\/","author":{"@type":"Person","@id":"https:\/\/www.oafm.cz\/author\/#Person","name":"","url":"https:\/\/www.oafm.cz\/author\/","identifier":1,"image":{"@type":"ImageObject","@id":"https:\/\/secure.gravatar.com\/avatar\/4ae18345300f35922a2a7b2caa17564b68acab8514eff939a8a019efde378c24?s=96&d=mm&r=g","url":"https:\/\/secure.gravatar.com\/avatar\/4ae18345300f35922a2a7b2caa17564b68acab8514eff939a8a019efde378c24?s=96&d=mm&r=g","height":96,"width":96}},"publisher":{"@type":"Organization","name":"oafm.cz","logo":{"@type":"ImageObject","@id":"\/logo.png","url":"\/logo.png","width":600,"height":60}},"image":{"@type":"ImageObject","@id":"https:\/\/www.oafm.cz\/wp-content\/uploads\/seznam%20p%C5%99edsevzet%C3%AD.jpg","url":"https:\/\/www.oafm.cz\/wp-content\/uploads\/seznam%20p%C5%99edsevzet%C3%AD.jpg","height":0,"width":0},"keywords":null},{"@type":"Article","@id":"https:\/\/www.oafm.cz\/je-externi-predseda-svj-lepsi-nez-klasicky\/","headline":"Je extern\u00ed p\u0159edseda SVJ lep\u0161\u00ed ne\u017e klasick\u00fd?","url":"https:\/\/www.oafm.cz\/je-externi-predseda-svj-lepsi-nez-klasicky\/","datePublished":"2021-08-14","dateModified":"2023-05-30","mainEntityOfPage":"https:\/\/www.oafm.cz\/je-externi-predseda-svj-lepsi-nez-klasicky\/","author":{"@type":"Person","@id":"https:\/\/www.oafm.cz\/author\/#Person","name":"","url":"https:\/\/www.oafm.cz\/author\/","identifier":1,"image":{"@type":"ImageObject","@id":"https:\/\/secure.gravatar.com\/avatar\/4ae18345300f35922a2a7b2caa17564b68acab8514eff939a8a019efde378c24?s=96&d=mm&r=g","url":"https:\/\/secure.gravatar.com\/avatar\/4ae18345300f35922a2a7b2caa17564b68acab8514eff939a8a019efde378c24?s=96&d=mm&r=g","height":96,"width":96}},"publisher":{"@type":"Organization","name":"oafm.cz","logo":{"@type":"ImageObject","@id":"\/logo.png","url":"\/logo.png","width":600,"height":60}},"image":{"@type":"ImageObject","@id":"https:\/\/www.oafm.cz\/wp-content\/uploads\/predseda3.jpg","url":"https:\/\/www.oafm.cz\/wp-content\/uploads\/predseda3.jpg","height":0,"width":0},"keywords":null},{"@type":"Article","@id":"https:\/\/www.oafm.cz\/na-co-si-dat-pozor-pri-stehovani\/","headline":"Na co si d\u00e1t pozor p\u0159i st\u011bhov\u00e1n\u00ed","url":"https:\/\/www.oafm.cz\/na-co-si-dat-pozor-pri-stehovani\/","datePublished":"2021-03-19","dateModified":"2023-05-30","mainEntityOfPage":"https:\/\/www.oafm.cz\/na-co-si-dat-pozor-pri-stehovani\/","author":{"@type":"Person","@id":"https:\/\/www.oafm.cz\/author\/#Person","name":"","url":"https:\/\/www.oafm.cz\/author\/","identifier":1,"image":{"@type":"ImageObject","@id":"https:\/\/secure.gravatar.com\/avatar\/4ae18345300f35922a2a7b2caa17564b68acab8514eff939a8a019efde378c24?s=96&d=mm&r=g","url":"https:\/\/secure.gravatar.com\/avatar\/4ae18345300f35922a2a7b2caa17564b68acab8514eff939a8a019efde378c24?s=96&d=mm&r=g","height":96,"width":96}},"publisher":{"@type":"Organization","name":"oafm.cz","logo":{"@type":"ImageObject","@id":"\/logo.png","url":"\/logo.png","width":600,"height":60}},"image":{"@type":"ImageObject","@id":"https:\/\/www.oafm.cz\/wp-content\/uploads\/stehovani1_1.png","url":"https:\/\/www.oafm.cz\/wp-content\/uploads\/stehovani1_1.png","height":0,"width":0},"keywords":null},{"@type":"Article","@id":"https:\/\/www.oafm.cz\/revize-elektriny-cena\/","headline":"Revize elekt\u0159iny &#8211; cena","url":"https:\/\/www.oafm.cz\/revize-elektriny-cena\/","datePublished":"2021-02-19","dateModified":"2023-05-30","mainEntityOfPage":"https:\/\/www.oafm.cz\/revize-elektriny-cena\/","author":{"@type":"Person","@id":"https:\/\/www.oafm.cz\/author\/#Person","name":"","url":"https:\/\/www.oafm.cz\/author\/","identifier":1,"image":{"@type":"ImageObject","@id":"https:\/\/secure.gravatar.com\/avatar\/4ae18345300f35922a2a7b2caa17564b68acab8514eff939a8a019efde378c24?s=96&d=mm&r=g","url":"https:\/\/secure.gravatar.com\/avatar\/4ae18345300f35922a2a7b2caa17564b68acab8514eff939a8a019efde378c24?s=96&d=mm&r=g","height":96,"width":96}},"publisher":{"@type":"Organization","name":"oafm.cz","logo":{"@type":"ImageObject","@id":"\/logo.png","url":"\/logo.png","width":600,"height":60}},"image":{"@type":"ImageObject","@id":"https:\/\/www.oafm.cz\/wp-content\/uploads\/le%C5%BE%C3%ADc%C3%AD%20%C5%BE%C3%A1rovka.PNG","url":"https:\/\/www.oafm.cz\/wp-content\/uploads\/le%C5%BE%C3%ADc%C3%AD%20%C5%BE%C3%A1rovka.PNG","height":0,"width":0},"keywords":null},{"@type":"Article","@id":"https:\/\/www.oafm.cz\/okamzity-pomocnik-s-upravou-vody\/","headline":"Okam\u017eit\u00fd pomocn\u00edk s \u00fapravou vody","url":"https:\/\/www.oafm.cz\/okamzity-pomocnik-s-upravou-vody\/","datePublished":"2021-02-18","dateModified":"2023-05-30","mainEntityOfPage":"https:\/\/www.oafm.cz\/okamzity-pomocnik-s-upravou-vody\/","author":{"@type":"Person","@id":"https:\/\/www.oafm.cz\/author\/#Person","name":"","url":"https:\/\/www.oafm.cz\/author\/","identifier":1,"image":{"@type":"ImageObject","@id":"https:\/\/secure.gravatar.com\/avatar\/4ae18345300f35922a2a7b2caa17564b68acab8514eff939a8a019efde378c24?s=96&d=mm&r=g","url":"https:\/\/secure.gravatar.com\/avatar\/4ae18345300f35922a2a7b2caa17564b68acab8514eff939a8a019efde378c24?s=96&d=mm&r=g","height":96,"width":96}},"publisher":{"@type":"Organization","name":"oafm.cz","logo":{"@type":"ImageObject","@id":"\/logo.png","url":"\/logo.png","width":600,"height":60}},"image":{"@type":"ImageObject","@id":"https:\/\/www.oafm.cz\/wp-content\/uploads\/kluci%20ve%20vod%C4%9B.jpg","url":"https:\/\/www.oafm.cz\/wp-content\/uploads\/kluci%20ve%20vod%C4%9B.jpg","height":0,"width":0},"keywords":null},{"@type":"Article","@id":"https:\/\/www.oafm.cz\/pujcovna-dodavek-praha-vam-umozni-i-cestu-do-ceske-kanady\/","headline":"P\u016fj\u010dovna dod\u00e1vek Praha v\u00e1m umo\u017en\u00ed i cestu do (\u010cesk\u00e9) Kanady","url":"https:\/\/www.oafm.cz\/pujcovna-dodavek-praha-vam-umozni-i-cestu-do-ceske-kanady\/","datePublished":"2021-02-16","dateModified":"2023-05-30","mainEntityOfPage":"https:\/\/www.oafm.cz\/pujcovna-dodavek-praha-vam-umozni-i-cestu-do-ceske-kanady\/","author":{"@type":"Person","@id":"https:\/\/www.oafm.cz\/author\/#Person","name":"","url":"https:\/\/www.oafm.cz\/author\/","identifier":1,"image":{"@type":"ImageObject","@id":"https:\/\/secure.gravatar.com\/avatar\/4ae18345300f35922a2a7b2caa17564b68acab8514eff939a8a019efde378c24?s=96&d=mm&r=g","url":"https:\/\/secure.gravatar.com\/avatar\/4ae18345300f35922a2a7b2caa17564b68acab8514eff939a8a019efde378c24?s=96&d=mm&r=g","height":96,"width":96}},"publisher":{"@type":"Organization","name":"oafm.cz","logo":{"@type":"ImageObject","@id":"\/logo.png","url":"\/logo.png","width":600,"height":60}},"image":{"@type":"ImageObject","@id":"https:\/\/www.oafm.cz\/wp-content\/uploads\/Jind%C5%99ich%C5%AFv%20Hradec.jpg","url":"https:\/\/www.oafm.cz\/wp-content\/uploads\/Jind%C5%99ich%C5%AFv%20Hradec.jpg","height":0,"width":0},"keywords":null}]}