[{"@context":"https:\/\/schema.org\/","@type":"Article","@id":"https:\/\/www.oafm.cz\/na-co-si-dat-pozor-pri-rizeni-v-noci\/#Article","mainEntityOfPage":"https:\/\/www.oafm.cz\/na-co-si-dat-pozor-pri-rizeni-v-noci\/","headline":"Na co si d\u00e1t pozor p\u0159i \u0159\u00edzen\u00ed v noci","name":"Na co si d\u00e1t pozor p\u0159i \u0159\u00edzen\u00ed v noci","description":"Jakkoliv to m\u016f\u017ee b\u00fdt nep\u0159\u00edjemn\u00e9, pravdou je, \u017ee v\u011bt\u0161ina z\u00a0n\u00e1s nejezd\u00ed nejen ve dne, ale tak\u00e9 za tmy. To plat\u00ed zvl\u00e1\u0161t\u011b v\u00a0zim\u011b, kdy se stm\u00edv\u00e1 mnohem d\u0159\u00edve, av\u0161ak rozedn\u00edv\u00e1 mnohem pozd\u011bji. S\u00a0t\u00edm jsou samoz\u0159ejm\u011b spojena &hellip; ","datePublished":"2024-08-27","dateModified":"2024-08-27","author":{"@type":"Person","@id":"https:\/\/www.oafm.cz\/author\/#Person","name":"","url":"https:\/\/www.oafm.cz\/author\/","identifier":1,"image":{"@type":"ImageObject","@id":"https:\/\/secure.gravatar.com\/avatar\/4ae18345300f35922a2a7b2caa17564b68acab8514eff939a8a019efde378c24?s=96&d=mm&r=g","url":"https:\/\/secure.gravatar.com\/avatar\/4ae18345300f35922a2a7b2caa17564b68acab8514eff939a8a019efde378c24?s=96&d=mm&r=g","height":96,"width":96}},"publisher":{"@type":"Organization","name":"oafm.cz","logo":{"@type":"ImageObject","@id":"\/logo.png","url":"\/logo.png","width":600,"height":60}},"image":{"@type":"ImageObject","@id":"https:\/\/www.oafm.cz\/wp-content\/uploads\/auto17_8.jpg","url":"https:\/\/www.oafm.cz\/wp-content\/uploads\/auto17_8.jpg","height":0,"width":0},"url":"https:\/\/www.oafm.cz\/na-co-si-dat-pozor-pri-rizeni-v-noci\/","about":["Auto moto"],"wordCount":426,"articleBody":"Jakkoliv to m\u016f\u017ee b\u00fdt nep\u0159\u00edjemn\u00e9, pravdou je, \u017ee v\u011bt\u0161ina z\u00a0n\u00e1s nejezd\u00ed nejen ve dne, ale tak\u00e9 za tmy. To plat\u00ed zvl\u00e1\u0161t\u011b v\u00a0zim\u011b, kdy se stm\u00edv\u00e1 mnohem d\u0159\u00edve, av\u0161ak rozedn\u00edv\u00e1 mnohem pozd\u011bji. S\u00a0t\u00edm jsou samoz\u0159ejm\u011b spojena ur\u010dit\u00e1 rizika, ta si v\u0161ak mnoho lid\u00ed v\u016fbec neuv\u011bdomuje. Nen\u00ed tedy od v\u011bci se s\u00a0nimi sezn\u00e1mit, nebo\u0165 n\u011bkter\u00e1 z\u00a0nich nejsou tak z\u0159ejm\u00e1, jak by se mohlo zd\u00e1t.\u00a0V\u00a0prvn\u00ed \u0159ad\u011b je tu samoz\u0159ejm\u011b zhor\u0161en\u00e1 viditelnost. Kv\u016fli n\u00ed nevid\u00edme ani zdaleka tak daleko, co\u017e znamen\u00e1, \u017ee m\u00e1me mnohem men\u0161\u00ed \u0161anci p\u0159ipravit se na nadch\u00e1zej\u00edc\u00ed dopravn\u00ed komplikaci. Samoz\u0159ejm\u011b, nen\u00ed pochyb, \u017ee rozsv\u00edcen\u00e1 sv\u011btla v\u00a0tomto ohledu pom\u00e1haj\u00ed, av\u0161ak ani ona nejsou n\u00e1hradou za ta denn\u00ed, nemluv\u011b o faktu, \u017ee n\u011bkte\u0159\u00ed \u0159idi\u010di je nepou\u017e\u00edvaj\u00ed, by\u0165 je to protiz\u00e1konn\u00e9. To samoz\u0159ejm\u011b zvy\u0161uje riziko dopravn\u00ed nehody.\u00a0\u00a0K\u00a0tomu je pot\u0159eba p\u0159idat i fakt, \u017ee divok\u00e1 zv\u00ed\u0159ata jsou v\u00a0tuto dobu aktivn\u011bj\u0161\u00ed. Mnohem \u010dast\u011bji tak naraz\u00edte nap\u0159\u00edklad na divok\u00e9 prase \u010di vysokou, kter\u00e1 v\u00e1m sko\u010d\u00ed do cesty. A jeliko\u017e v\u00a0takov\u00e9m p\u0159\u00edpad\u011b v\u00a0podstat\u011b nem\u00e1te \u010das zareagovat, je n\u00e1raz v\u00a0podstat\u011b nevyhnuteln\u00fd. St\u0159et se zv\u011b\u0159\u00ed samoz\u0159ejm\u011b nen\u00ed nic p\u0159\u00edjemn\u00e9ho, a m\u016f\u017ee na vozidle nap\u00e1chat pom\u011brn\u011b velk\u00e9 \u0161kody. Rozhodn\u011b se tedy vyplat\u00ed jet pomalu \u2013 budeme m\u00edt v\u00edce \u010dasu zabrzdit, a ani v\u00a0p\u0159\u00edpad\u011b n\u00e1razu nebudou n\u00e1sledky pro n\u00e1\u0161 v\u016fz tak tragick\u00e9.\u00a0\u00a0D\u00e1le je tu fakt, \u017ee lid\u00e9 jsou denn\u00edmi tvory. K\u00a0tomu je uzp\u016fsoben nejen n\u00e1\u0161 zrak, ale tak\u00e9 biologick\u00fd rytmus. B\u011bhem no\u010dn\u00edho \u0159\u00edzen\u00ed jsou tak na\u0161e reakce mnohem pomalej\u0161\u00ed, a nav\u00edc snadn\u011bji podlehneme nap\u0159\u00edklad mikrosp\u00e1nku. To v\u0161e na\u0161i bezpe\u010dnost samoz\u0159ejm\u011b nezvy\u0161uje.\u00a0Z\u00a0t\u011bchto d\u016fvod\u016f bychom za tmy m\u011bli jezdit pouze tehdy, pokud to bude naprosto nezbytn\u00e9. Nav\u00edc je vhodn\u00e9 u\u010dinit ur\u010dit\u00e1 opat\u0159en\u00ed. T\u00edm hlavn\u00edm je p\u0159edem se dob\u0159e vyspat a odpo\u010dinout, abychom byli naprosto sv\u011b\u017e\u00ed. D\u00e1le je tak\u00e9 vhodn\u00e9 zkontrolovat sv\u011btla, a to jak ta klasick\u00e1, tak i d\u00e1lkov\u00e1 a mlhovky, abychom si byli jisti nejlep\u0161\u00ed mo\u017enou viditelnost\u00ed. Tak si zv\u00fd\u0161\u00edme \u0161anci, \u017ee dob\u0159e dojedeme do c\u00edle.                                                                                                                                                                                                                                                                                                                                                                                        4.7\/5 - (8 votes)        "},{"@context":"https:\/\/schema.org\/","@type":"BreadcrumbList","itemListElement":[{"@type":"ListItem","position":1,"name":"Na co si d\u00e1t pozor p\u0159i \u0159\u00edzen\u00ed v noci","item":"https:\/\/www.oafm.cz\/na-co-si-dat-pozor-pri-rizeni-v-noci\/#breadcrumbitem"}]}]