[{"@context":"https:\/\/schema.org\/","@type":"Article","@id":"https:\/\/www.oafm.cz\/mate-take-minibydleni\/#Article","mainEntityOfPage":"https:\/\/www.oafm.cz\/mate-take-minibydleni\/","headline":"M\u00e1te tak\u00e9 minibydlen\u00ed?","name":"M\u00e1te tak\u00e9 minibydlen\u00ed?","description":"Bydl\u00edte tak\u00e9 v mal\u00e9m byt\u011b? Nebo se do men\u0161\u00edho pr\u00e1v\u011b chyst\u00e1te p\u0159est\u011bhovat? Pak je p\u0159ed v\u00e1mi nelehk\u00fd \u00fakol! Poskl\u00e1dat tam v\u0161echno \u017eiv\u00e9 i ne\u017eiv\u00e9 tak, aby se to tam nejen ve\u0161lo, ale aby se tam &hellip; ","datePublished":"2020-05-09","dateModified":"2023-05-30","author":{"@type":"Person","@id":"https:\/\/www.oafm.cz\/author\/#Person","name":"","url":"https:\/\/www.oafm.cz\/author\/","identifier":1,"image":{"@type":"ImageObject","@id":"https:\/\/secure.gravatar.com\/avatar\/4ae18345300f35922a2a7b2caa17564b68acab8514eff939a8a019efde378c24?s=96&d=mm&r=g","url":"https:\/\/secure.gravatar.com\/avatar\/4ae18345300f35922a2a7b2caa17564b68acab8514eff939a8a019efde378c24?s=96&d=mm&r=g","height":96,"width":96}},"publisher":{"@type":"Organization","name":"oafm.cz","logo":{"@type":"ImageObject","@id":"\/logo.png","url":"\/logo.png","width":600,"height":60}},"image":{"@type":"ImageObject","@id":"https:\/\/www.oafm.cz\/wp-content\/uploads\/11.bytov%C3%AD%20architekti.jpg","url":"https:\/\/www.oafm.cz\/wp-content\/uploads\/11.bytov%C3%AD%20architekti.jpg","height":0,"width":0},"url":"https:\/\/www.oafm.cz\/mate-take-minibydleni\/","about":["Firmy"],"wordCount":482,"articleBody":"      Bydl\u00edte tak\u00e9 v mal\u00e9m byt\u011b? Nebo se do men\u0161\u00edho pr\u00e1v\u011b chyst\u00e1te p\u0159est\u011bhovat? Pak je p\u0159ed v\u00e1mi nelehk\u00fd \u00fakol! Poskl\u00e1dat tam v\u0161echno \u017eiv\u00e9 i ne\u017eiv\u00e9 tak, aby se to tam nejen ve\u0161lo, ale aby se tam dalo tak\u00e9 spokojen\u011b \u017e\u00edt, \u201evoln\u011b d\u00fdchat\u201c. A z\u00e1rove\u0148 to samoz\u0159ejm\u011b p\u011bkn\u011b vypadalo.Se za\u0159izov\u00e1n\u00edm hezk\u00e9ho a z\u00e1rove\u0148 praktick\u00e9ho bydlen\u00ed v mal\u00e9m prostoru maj\u00ed dost pr\u00e1ce i dob\u0159\u00ed bytov\u00ed architekti. Ide\u00e1ln\u00ed je, kdy\u017e sv\u011b\u0159\u00edme tento \u00fakol do jejich rukou. Ale i my sami toho m\u016f\u017eeme pro vylep\u0161en\u00ed na\u0161eho \u201eminidomova\u201c dost ud\u011blat! Je ov\u0161em pot\u0159eba v\u011bd\u011bt, jak na to. Co rad\u00ed odborn\u00edci?Vyu\u017e\u00edt ka\u017ed\u00fd voln\u00fd centimetrDo mal\u00e9ho bytu je nejide\u00e1ln\u011bj\u0161\u00ed volbou n\u00e1bytek na m\u00edru. Je dra\u017e\u0161\u00ed, ale tato investice se zde ur\u010dit\u011b vyplat\u00ed. Pom\u00e1h\u00e1 n\u00e1m vyu\u017e\u00edt ka\u017ed\u00fd vz\u00e1cn\u00fd kousek voln\u00e9ho prostoru. P\u0159i jeho pou\u017eit\u00ed se vyhneme vzniku tzv. hluch\u00fdch, nevyu\u017eit\u00fdch m\u00edst. Pokud m\u016f\u017eeme, po\u0159\u00edd\u00edme ho do mal\u00e9ho bytu co nejv\u00edce. Vhodnou volbou jsou tak\u00e9 vysok\u00e9 vestav\u011bn\u00e9 sk\u0159\u00edn\u011b, patrov\u00e9 nebo vyv\u00fd\u0161en\u00e9 postele. Z ostatn\u00edho n\u00e1bytku se hod\u00ed kousky v\u00edce\u00fa\u010delov\u00e9, t\u0159eba rozkl\u00e1dac\u00ed seda\u010dka s \u00falo\u017en\u00fdm prostorem \u010di konferen\u010dn\u00ed stolek se \u0161upl\u00edky. D\u00e1le vyb\u00edr\u00e1me n\u00e1bytek na no\u017ek\u00e1ch, n\u00e1bytek vyroben\u00fd z tenk\u00fdch kovov\u00fdch konstrukc\u00ed \u010di takov\u00fd, kter\u00fd se zav\u011b\u0161uje na st\u011bny. \u010cemu se naopak vyhneme, jsou robustn\u00ed \u010daloun\u011bn\u00e9 kusy n\u00e1bytku. V\u011bt\u0161inou v mal\u00e9m byt\u011b nevypadaj\u00ed hezky.Pohr\u00e1t si s barvamiNa\u0161e pocity z m\u00edstnosti jsou barvami ovliv\u0148ov\u00e1ny \u010dasto mnohem v\u00edce, ne\u017e si sami uv\u011bdomujeme. V mal\u00e9m interi\u00e9ru se rad\u011bji nepou\u0161t\u00edme do experimentov\u00e1n\u00ed s p\u0159\u00edli\u0161nou k\u0159iklavost\u00ed barev a v\u00fdrazn\u00fdmi barevn\u00fdmi kontrasty. Nejvhodn\u011bj\u0161\u00ed je, kdy\u017e takov\u00fd prostor prosv\u011btl\u00edme a rozz\u00e1\u0159\u00edme sv\u011btl\u00fdmi barvami. A nemus\u00edme z\u016fst\u00e1vat jen u b\u00edl\u00e9 klasiky. Hezky zde p\u016fsob\u00ed nap\u0159\u00edklad i \u017elut\u00e1, meru\u0148kov\u00e1, zelen\u00e1, modr\u00e1, ale tak\u00e9 t\u0159eba hn\u011bd\u00e1 a \u0161ed\u00e1, pokud vybereme jejich sv\u011btl\u00e9 odst\u00edny.Pustit dovnit\u0159 hodn\u011b sv\u011btlaDal\u0161\u00ed mo\u017enost\u00ed, jak interi\u00e9r opticky zv\u011bt\u0161it, je pustit do n\u011bj co nejv\u00edce denn\u00edho sv\u011btla. Kde se mu dovnit\u0159 p\u0159\u00edli\u0161 \u201enechce\u201c, pom\u016f\u017ee osv\u011btlen\u00ed um\u011bl\u00e9. Hezk\u00e9, modern\u00ed a \u00fasporn\u00e9 je LED osv\u011btlen\u00ed, kter\u00e9 je dnes vyr\u00e1b\u011bno v mnoha variant\u00e1ch. Vhodn\u00e9 jsou \u201ebodovky\u201c, stropn\u00ed a n\u00e1st\u011bnn\u00e9 panely \u010di podsv\u00edcen\u00ed n\u00e1bytku pomoc\u00ed LED p\u00e1sk\u016f.                                                                                                                                                                                                                                                                                                                                                                                          4.2\/5 - (14 votes)        "},{"@context":"https:\/\/schema.org\/","@type":"BreadcrumbList","itemListElement":[{"@type":"ListItem","position":1,"name":"M\u00e1te tak\u00e9 minibydlen\u00ed?","item":"https:\/\/www.oafm.cz\/mate-take-minibydleni\/#breadcrumbitem"}]}]