[{"@context":"https:\/\/schema.org\/","@type":"Article","@id":"https:\/\/www.oafm.cz\/krasny-kabat\/#Article","mainEntityOfPage":"https:\/\/www.oafm.cz\/krasny-kabat\/","headline":"Kr\u00e1sn\u00fd kab\u00e1t","name":"Kr\u00e1sn\u00fd kab\u00e1t","description":"V\u017edycky jsem m\u011bla r\u00e1da takov\u00e9 kvalitn\u00ed oble\u010den\u00ed, kter\u00e9 se dalo opravdu skv\u011bl\u00e9 nosit. Nem\u00e1m r\u00e1da takov\u00e9 to oble\u010den\u00ed, \u017ee kdy\u017e ho potom jednou vyperete, tak m\u00e1 na sob\u011b takov\u00e9 \u017emolky. A v\u011b\u0159te mi, \u017ee tohle &hellip; ","datePublished":"2023-02-27","dateModified":"2023-06-30","author":{"@type":"Person","@id":"https:\/\/www.oafm.cz\/author\/#Person","name":"","url":"https:\/\/www.oafm.cz\/author\/","identifier":1,"image":{"@type":"ImageObject","@id":"https:\/\/secure.gravatar.com\/avatar\/4ae18345300f35922a2a7b2caa17564b68acab8514eff939a8a019efde378c24?s=96&d=mm&r=g","url":"https:\/\/secure.gravatar.com\/avatar\/4ae18345300f35922a2a7b2caa17564b68acab8514eff939a8a019efde378c24?s=96&d=mm&r=g","height":96,"width":96}},"publisher":{"@type":"Organization","name":"oafm.cz","logo":{"@type":"ImageObject","@id":"\/logo.png","url":"\/logo.png","width":600,"height":60}},"image":{"@type":"ImageObject","@id":"https:\/\/www.oafm.cz\/wp-content\/uploads\/woman-6676901_960_720_2.jpg","url":"https:\/\/www.oafm.cz\/wp-content\/uploads\/woman-6676901_960_720_2.jpg","height":0,"width":0},"url":"https:\/\/www.oafm.cz\/krasny-kabat\/","about":["Nakupov\u00e1n\u00ed"],"wordCount":419,"articleBody":"   V\u017edycky jsem m\u011bla r\u00e1da takov\u00e9 kvalitn\u00ed oble\u010den\u00ed, kter\u00e9 se dalo opravdu skv\u011bl\u00e9 nosit. Nem\u00e1m r\u00e1da takov\u00e9 to oble\u010den\u00ed, \u017ee kdy\u017e ho potom jednou vyperete, tak m\u00e1 na sob\u011b takov\u00e9 \u017emolky. A v\u011b\u0159te mi, \u017ee tohle dok\u00e1\u017ee opravdu p\u011bkn\u011b na\u0161tvat. Vzpom\u00edn\u00e1m si na sebe, kdy\u017e jsem si na\u0161et\u0159ila na opravu kr\u00e1snou bundu, kterou jsem si p\u0159\u00e1la. A byla opravdu drah\u00e1, st\u00e1le m\u011b dva brig\u00e1dn\u00ed platy. A si jist\u011b dok\u00e1\u017eete p\u0159edstavit, \u017ee ta bunda byla opravdu drah\u00e1. Nebyla to k\u016f\u017ee, ale byla to sp\u00ed\u0161e bavlna. Jenom\u017ee jsem si ji o bohu\u017eel za\u0161pinila, tak jsem dala pr\u00e1t do pra\u010dky. A pe\u010dliv\u011b jsem dodr\u017eela p\u00e9\u010di o bundu na \u0161t\u00edtku, co bylo uvedeno. Bohu\u017eel ale po vypr\u00e1n\u00ed cel\u00e1 bunda byla takov\u00e1 \u017emolkat\u00e1, \u017ee se mi z toho cht\u011blo bre\u010det. Na\u0161t\u011bst\u00ed v obchod\u011b mi vr\u00e1tili pen\u00edze, tak\u017ee jsem byla r\u00e1da. A od t\u00e9 doby nakupuji pouze u\u017e jenom u ov\u011b\u0159en\u00e9ho prodejce, jako nap\u0159\u00edklad z webov\u00e9 str\u00e1nky c-store.cz, kde v\u00edm se, \u017ee pr\u00e1v\u011b na t\u00e9to webov\u00e9 str\u00e1nce maj\u00ed opravdu kvalitn\u00ed bundy. A pokud v\u00e1s zaj\u00edmaj\u00ed opravdu kvalitn\u00ed bundy, tak zkuste bundy Kari Traa kab\u00e1t. A kdy\u017e jsem se pod\u00edvala na tento web, a uvid\u011bla jsem tyhle bundy, tak jsem byla opravdu nad\u0161en\u00e1. Nejenom\u017ee bundy jsou opravdu stylov\u011b kr\u00e1sn\u00e9 a designov\u00e9, jsou tak\u00e9 opravdu modern\u00ed a hlavn\u011b kvalitn\u00ed. V\u017edycky kdy\u017e jsem si cht\u011bla po\u0159\u00eddit n\u011bjakou bundu, tak jsem neodolala a po\u0159\u00eddila jsem si z t\u00e9to webov\u00e9 str\u00e1nky. Pokud i vy m\u00e1te z\u00e1jem o kvalitn\u00ed oble\u010den\u00ed, kter\u00e9 m\u016f\u017eete nosit opravdu kamkoliv, tak zav\u00edtejte tak\u00e9 na tento web a uvid\u00edte, \u017ee si jist\u011b vyberete tu svou. Maj\u00ed tady kr\u00e1sn\u00e9 d\u00e1msk\u00e9 bundy opravdu v mnoha barv\u00e1ch a odst\u00ednech a taky st\u0159iz\u00edch, \u017ee v\u00e1s bude zrak p\u0159ech\u00e1zet. A mysl\u00edm si, \u017ee neodejdete jenom s jednou bundou, ale rovnou asi objedn\u00e1te dv\u011b, proto\u017ee nebudete v\u011bd\u011bt, jakou bundu nebo Kari Traa kab\u00e1t si koupit. Jsou tady tak\u00e9 r\u016fzn\u00e9 d\u00e1msk\u00e9 kab\u00e1ty Kari Traa, kter\u00e9 v\u00e1s zaujmou svou d\u00e9lkou, tak\u017ee v kab\u00e1tu v\u00e1m nebude v\u016fbec zima.                                                                                                                                                                                                                                                                                                                                                                                           4.7\/5 - (8 votes)        "},{"@context":"https:\/\/schema.org\/","@type":"BreadcrumbList","itemListElement":[{"@type":"ListItem","position":1,"name":"Kr\u00e1sn\u00fd kab\u00e1t","item":"https:\/\/www.oafm.cz\/krasny-kabat\/#breadcrumbitem"}]}]