[{"@context":"https:\/\/schema.org\/","@type":"Article","@id":"https:\/\/www.oafm.cz\/komu-udelat-radost-s-tuzkami-a-pastelkami-s-potiskem\/#Article","mainEntityOfPage":"https:\/\/www.oafm.cz\/komu-udelat-radost-s-tuzkami-a-pastelkami-s-potiskem\/","headline":"Komu ud\u011blat radost s tu\u017ekami a pastelkami s potiskem","name":"Komu ud\u011blat radost s tu\u017ekami a pastelkami s potiskem","description":"Kdy\u017e jsem se p\u0159ed mnoha lety proch\u00e1zel v Praze po Karlov\u011b most\u011b, v\u0161iml jsem si mal\u00ed\u0159\u016f, kte\u0159\u00ed tu malovali na po\u010dk\u00e1n\u00ed portr\u00e9ty. Sta\u010dilo posadit se na \u017eidli\u010dku a setrvat po dobu n\u011bkolika minut \u010di des\u00edtek &hellip; ","datePublished":"2025-12-08","dateModified":"2025-12-08","author":{"@type":"Person","@id":"https:\/\/www.oafm.cz\/author\/#Person","name":"","url":"https:\/\/www.oafm.cz\/author\/","identifier":1,"image":{"@type":"ImageObject","@id":"https:\/\/secure.gravatar.com\/avatar\/4ae18345300f35922a2a7b2caa17564b68acab8514eff939a8a019efde378c24?s=96&d=mm&r=g","url":"https:\/\/secure.gravatar.com\/avatar\/4ae18345300f35922a2a7b2caa17564b68acab8514eff939a8a019efde378c24?s=96&d=mm&r=g","height":96,"width":96}},"publisher":{"@type":"Organization","name":"oafm.cz","logo":{"@type":"ImageObject","@id":"\/logo.png","url":"\/logo.png","width":600,"height":60}},"image":{"@type":"ImageObject","@id":"https:\/\/www.oafm.cz\/wp-content\/uploads\/crayons-747592_640.jpg","url":"https:\/\/www.oafm.cz\/wp-content\/uploads\/crayons-747592_640.jpg","height":0,"width":0},"url":"https:\/\/www.oafm.cz\/komu-udelat-radost-s-tuzkami-a-pastelkami-s-potiskem\/","about":["Nakupov\u00e1n\u00ed"],"wordCount":400,"articleBody":"       Kdy\u017e jsem se p\u0159ed mnoha lety proch\u00e1zel v Praze po Karlov\u011b most\u011b, v\u0161iml jsem si mal\u00ed\u0159\u016f, kte\u0159\u00ed tu malovali na po\u010dk\u00e1n\u00ed portr\u00e9ty. Sta\u010dilo posadit se na \u017eidli\u010dku a setrvat po dobu n\u011bkolika minut \u010di des\u00edtek minut a vz\u00e1p\u011bt\u00ed jste si ji\u017e mohli odn\u00e1\u0161et dom\u016f um\u011bleck\u00fd v\u00fdtvor. Namalovat portr\u00e9t na po\u010dk\u00e1n\u00ed bych nedok\u00e1zal. Velice obdivuji ka\u017ed\u00e9ho, kdo m\u00e1 takov\u00e9 nad\u00e1n\u00ed, \u017ee m\u016f\u017ee p\u0159in\u00e1\u0161et sv\u00fdm um\u011bleck\u00fdm projevem mnoha lidem radost. P\u0159izn\u00e1m se, \u017ee bych se r\u00e1d sezn\u00e1mil s d\u00edvkou, kter\u00e1 malovat um\u00ed tak, \u017ee bych j\u00ed mohl u toho pozorovat a kochat se jej\u00edmi tahy tu\u017ekou po pap\u00ed\u0159e. Z\u00e1rove\u0148 bych j\u00ed daroval tu\u017eky s potiskem promodarky.cz nebo jin\u00e9 v\u00fdtvarn\u00e9 p\u0159edm\u011bty, kter\u00e9 by byly opat\u0159eny origin\u00e1ln\u00edm potiskem, tak\u017ee bych j\u00ed tak\u00e9 mohl ud\u011blat radost alespo\u0148 touto drobnost\u00ed.A jakou formu potisku si zvolit?Text. Textov\u00e1 informace na tu\u017ek\u00e1ch je vhodn\u00e1 forma potisku na tak drobn\u00e9 p\u0159edm\u011bty. Formou textu lze vyj\u00e1d\u0159it l\u00e1sku a p\u0159\u00e1telstv\u00ed origin\u00e1ln\u00edm sd\u011blen\u00edm, m\u016f\u017eete k tomu vyu\u017e\u00edt i moudr\u00e1 p\u0159\u00edslov\u00ed, m\u016f\u017ee tu b\u00fdt vyti\u0161t\u011bn\u00e9 k\u0159estn\u00ed jm\u00e9no \u010di p\u0159ezd\u00edvka obdarovan\u00e9 osoby, m\u016f\u017eete textem p\u0159ipomenout n\u011bkter\u00e9 p\u0159\u00edrodn\u00ed \u00fakazy, kr\u00e1sn\u00e1 m\u00edsta z va\u0161\u00ed dovolen\u00e9, jm\u00e9na va\u0161ich p\u0159\u00e1tel, jm\u00e9na zv\u00ed\u0159at a t\u0159eba i velkou n\u00e1sobilku nebo vyjmenovan\u00e1 slova pro spr\u00e1vn\u00fd pravopis.Drobn\u00fd obr\u00e1zek. Na tu\u017eku se toho moc nevejde, tak nam\u00edsto fotografie bych volil n\u011bjak\u00fd symbol nebo logo. Nap\u0159\u00edklad hv\u011bzdu, slunce, oko, stopy chodidel atd. Symboly by mohly b\u00fdt zhotoven\u00e9 jen v jedn\u00e9 barv\u011b, kter\u00e1 kontrastuje s barvou t\u011bla tu\u017eek, nap\u0159\u00edklad \u010derven\u00e1 barva na b\u00edl\u00e9m nebo \u017elut\u00e9m podkladu nebo modr\u00fd potisk na \u017elut\u00e9m podkladu.Abstraktn\u00ed um\u011bn\u00ed. Mn\u011b osobn\u011b oslovuje abstraktn\u00ed um\u011bn\u00ed, nap\u0159\u00edklad v podob\u011b barevn\u00fdch p\u0159echod\u016f \u010di geometrick\u00fdch obrazc\u016f. Na tu\u017ek\u00e1ch by mohl potisk zdobit jen jejich \u010d\u00e1st, aby potisk vyzn\u011bl do ztracena a p\u016fsobil jako forma um\u011bn\u00ed a nebyl p\u0159\u00edli\u0161 n\u00e1siln\u00fd.                                                                                                                                                                                                                                                                                                                                                                                          4.5\/5 - (4 votes)        "},{"@context":"https:\/\/schema.org\/","@type":"BreadcrumbList","itemListElement":[{"@type":"ListItem","position":1,"name":"Komu ud\u011blat radost s tu\u017ekami a pastelkami s potiskem","item":"https:\/\/www.oafm.cz\/komu-udelat-radost-s-tuzkami-a-pastelkami-s-potiskem\/#breadcrumbitem"}]}]