[{"@context":"https:\/\/schema.org\/","@type":"Article","@id":"https:\/\/www.oafm.cz\/je-externi-predseda-svj-lepsi-nez-klasicky\/#Article","mainEntityOfPage":"https:\/\/www.oafm.cz\/je-externi-predseda-svj-lepsi-nez-klasicky\/","headline":"Je extern\u00ed p\u0159edseda SVJ lep\u0161\u00ed ne\u017e klasick\u00fd?","name":"Je extern\u00ed p\u0159edseda SVJ lep\u0161\u00ed ne\u017e klasick\u00fd?","description":"A\u010dkoliv dnes je preferov\u00e1no bydlen\u00ed sp\u00ed\u0161e v rodinn\u00e9m dom\u011b, st\u00e1le je mnoho t\u011bch, kte\u0159\u00ed bydl\u00ed v panel\u00e1kov\u00e9m byt\u011b. A mnoz\u00ed z nich si tento zp\u016fsob bydlen\u00ed pochvaluj\u00ed. Je zde toti\u017e podstatn\u011b m\u00e9n\u011b pr\u00e1ce s \u00fadr\u017ebou, &hellip; ","datePublished":"2021-08-14","dateModified":"2023-05-30","author":{"@type":"Person","@id":"https:\/\/www.oafm.cz\/author\/#Person","name":"","url":"https:\/\/www.oafm.cz\/author\/","identifier":1,"image":{"@type":"ImageObject","@id":"https:\/\/secure.gravatar.com\/avatar\/4ae18345300f35922a2a7b2caa17564b68acab8514eff939a8a019efde378c24?s=96&d=mm&r=g","url":"https:\/\/secure.gravatar.com\/avatar\/4ae18345300f35922a2a7b2caa17564b68acab8514eff939a8a019efde378c24?s=96&d=mm&r=g","height":96,"width":96}},"publisher":{"@type":"Organization","name":"oafm.cz","logo":{"@type":"ImageObject","@id":"\/logo.png","url":"\/logo.png","width":600,"height":60}},"image":{"@type":"ImageObject","@id":"https:\/\/www.oafm.cz\/wp-content\/uploads\/predseda3.jpg","url":"https:\/\/www.oafm.cz\/wp-content\/uploads\/predseda3.jpg","height":0,"width":0},"url":"https:\/\/www.oafm.cz\/je-externi-predseda-svj-lepsi-nez-klasicky\/","about":["Nakupov\u00e1n\u00ed"],"wordCount":431,"articleBody":"   A\u010dkoliv dnes je preferov\u00e1no bydlen\u00ed sp\u00ed\u0161e v rodinn\u00e9m dom\u011b, st\u00e1le je mnoho t\u011bch, kte\u0159\u00ed bydl\u00ed v panel\u00e1kov\u00e9m byt\u011b. A mnoz\u00ed z nich si tento zp\u016fsob bydlen\u00ed pochvaluj\u00ed. Je zde toti\u017e podstatn\u011b m\u00e9n\u011b pr\u00e1ce s \u00fadr\u017ebou, co\u017e jej \u010din\u00ed vhodn\u00fdm zejm\u00e9na pro star\u0161\u00ed lidi.Opominout nem\u016f\u017eeme ani fakt, \u017ee prostor, kter\u00fd mus\u00edme ukl\u00edzet, je podstatn\u011b men\u0161\u00ed. A pokud jde o spole\u010dn\u00e9 prostory, jako chodby \u010di sklepy, v jejich myt\u00ed se postupn\u011b st\u0159\u00eddaj\u00ed v\u0161ichni obyvatel\u00e9 domu, nebo je na tuto pr\u00e1ci najata ukl\u00edzec\u00ed firma.Ov\u0161em je jasn\u00e9, \u017ee i zde je pot\u0159eba ob\u010das ud\u011blat rozhodnut\u00ed, kter\u00e9 ovlivn\u00ed v\u0161echny obyvatele. M\u016f\u017ee to b\u00fdt nap\u0159\u00edklad zateplen\u00ed domu \u010di v\u00fdm\u011bna v\u00fdtahu. Toto bylo d\u0159\u00edve v kompetenci bytov\u00fdch dru\u017estev, jejich\u017e sou\u010d\u00e1st\u00ed byli v\u0161ichni obyvatel\u00e9. Dnes je v\u0161ak z velk\u00e9 \u010d\u00e1sti nahradila spole\u010denstv\u00ed vlastn\u00edk\u016f jednotek.Ta funguj\u00ed prakticky stejn\u011b \u2013 o podobn\u00fdch n\u00e1vrz\u00edch se hlasuje. Ov\u0161em ot\u00e1zkou je, kdo se ujme jedn\u00e1n\u00ed s firmami, p\u0159\u00edpadn\u011b s \u00fa\u0159ady. I proto je zde v\u017edy zvolen p\u0159edseda, kter\u00fd to v\u0161e m\u00e1 na starosti. Jen\u017ee co d\u011blat v p\u0159\u00edpad\u011b, \u017ee tuto funkci nikdo nechce zast\u00e1vat, p\u0159\u00edpadn\u011b se zde lid\u00e9 je\u0161t\u011b neznaj\u00ed tak dob\u0159e, aby jej mohli zvolit?Zde je mo\u017enost\u00ed extern\u00ed p\u0159edseda svj https:\/\/www.homepartner.cz\/profesionalni-predseda-svj\/. Jde o \u010dlov\u011bka, kter\u00fd m\u00e1 p\u0159edsednictv\u00ed tohoto spole\u010denstv\u00ed v n\u00e1plni sv\u00e9 pr\u00e1ce. To ov\u0161em znamen\u00e1, \u017ee se vyzn\u00e1 v pr\u00e1vn\u00edch kli\u010dk\u00e1ch a procesu jedn\u00e1n\u00ed s jednotliv\u00fdmi odbory \u00fa\u0159ad\u016f mnohem l\u00e9pe, ne\u017e b\u011b\u017en\u00fd \u010dlov\u011bk. D\u00edky tomu je mnohem \u010dast\u011bji \u00fasp\u011b\u0161n\u00fd a dok\u00e1\u017ee vyjednat i lep\u0161\u00ed podm\u00ednky. Nav\u00edc, vzhledem k tomu, \u017ee obvykle obyvatele onoho domu osobn\u011b nezn\u00e1, je i v tomto p\u0159\u00edpad\u011b nestrann\u00fd.Druhou str\u00e1nkou v\u011bci samoz\u0159ejm\u011b je, \u017ee si za svou pr\u00e1ci nech\u00e1 zaplatit. A zdaleka ne ka\u017ed\u00e9 spole\u010denstv\u00ed vlastn\u00edk\u016f jednotek m\u00e1 tolik pen\u011bz, aby si to mohli dovolit. Tak\u00e9 je fakt, \u017ee vzhledem k tomu, \u017ee nen\u00ed v cel\u00e9 v\u011bci osobn\u011b zainteresov\u00e1n, nebude jeho jedn\u00e1n\u00ed tak d\u016fsledn\u00e9.Z\u00e1le\u017e\u00ed tedy na obyvatel\u00edch, aby si zvolili, kter\u00e1 mo\u017enost jim bude v\u00edce vyhovovat. V\u011b\u0159te v\u0161ak, \u017ee se rozhodn\u011b vyplat\u00ed si v\u0161e dob\u0159e rozmyslet.                                                                                                                                                                                                                                                                                                                                                                                          4.1\/5 - (7 votes)        "},{"@context":"https:\/\/schema.org\/","@type":"BreadcrumbList","itemListElement":[{"@type":"ListItem","position":1,"name":"Je extern\u00ed p\u0159edseda SVJ lep\u0161\u00ed ne\u017e klasick\u00fd?","item":"https:\/\/www.oafm.cz\/je-externi-predseda-svj-lepsi-nez-klasicky\/#breadcrumbitem"}]}]