[{"@context":"https:\/\/schema.org\/","@type":"Article","@id":"https:\/\/www.oafm.cz\/jarni-toulky-za-krasou-a-kulturou\/#Article","mainEntityOfPage":"https:\/\/www.oafm.cz\/jarni-toulky-za-krasou-a-kulturou\/","headline":"Jarn\u00ed toulky za kr\u00e1sou a kulturou","name":"Jarn\u00ed toulky za kr\u00e1sou a kulturou","description":"N\u011bkdo r\u00e1d cestuje vlakem, n\u011bkdo osobn\u00edm autem, n\u011bkdo up\u0159ednost\u0148uje cyklistiku. Ale to nic nem\u011bn\u00ed na tom, \u017ee ten kdo chce, tak se na vybran\u00e9 m\u00edsto pohodln\u011b dostane. Jak dob\u0159e pozn\u00e1te nap\u0159\u00edklad v\u00fdchodn\u00ed \u010cechy? U\u017e za\u010d\u00e1tkem &hellip; ","datePublished":"2023-05-30","dateModified":"2023-05-30","author":{"@type":"Person","@id":"https:\/\/www.oafm.cz\/author\/#Person","name":"","url":"https:\/\/www.oafm.cz\/author\/","identifier":1,"image":{"@type":"ImageObject","@id":"https:\/\/secure.gravatar.com\/avatar\/4ae18345300f35922a2a7b2caa17564b68acab8514eff939a8a019efde378c24?s=96&d=mm&r=g","url":"https:\/\/secure.gravatar.com\/avatar\/4ae18345300f35922a2a7b2caa17564b68acab8514eff939a8a019efde378c24?s=96&d=mm&r=g","height":96,"width":96}},"publisher":{"@type":"Organization","name":"oafm.cz","logo":{"@type":"ImageObject","@id":"\/logo.png","url":"\/logo.png","width":600,"height":60}},"image":{"@type":"ImageObject","@id":"https:\/\/www.oafm.cz\/wp-content\/uploads\/img_a340654_w2719_t1553585366.jpg","url":"https:\/\/www.oafm.cz\/wp-content\/uploads\/img_a340654_w2719_t1553585366.jpg","height":0,"width":0},"url":"https:\/\/www.oafm.cz\/jarni-toulky-za-krasou-a-kulturou\/","wordCount":450,"articleBody":"N\u011bkdo r\u00e1d cestuje vlakem, n\u011bkdo osobn\u00edm autem, n\u011bkdo up\u0159ednost\u0148uje cyklistiku. Ale to nic nem\u011bn\u00ed na tom, \u017ee ten kdo chce, tak se na vybran\u00e9 m\u00edsto pohodln\u011b dostane.Jak dob\u0159e pozn\u00e1te nap\u0159\u00edklad v\u00fdchodn\u00ed \u010cechy? U\u017e za\u010d\u00e1tkem dubna m\u00e1te mo\u017enost v\u00a0klidu si prohl\u00e9dnout n\u00e1dhern\u00e9 pam\u00e1tky. Ti, kte\u0159\u00ed r\u00e1di jezd\u00ed vlakem a spoj\u00ed to i s j\u00edzdou na kole, tak i cel\u00e1 rodina v\u00a0tomto kraji m\u016f\u017ee str\u00e1vit n\u00e1dhern\u00fd den. V\u00a0tomto kraji, kde jsou vybudovan\u00e9 kr\u00e1sn\u00e9 cyklotrasy pod\u00e9l \u0159eky Orlice. Sta\u010d\u00ed si dob\u0159e napl\u00e1novat trasu jak vlakem, pak n\u00e1sledn\u011b cyklotrasu, kterou se dok\u00e1\u017eete dostat pohodln\u011b tam, kam chcete. V\u00edte, \u017ee kolem Orlice je plno n\u00e1dhern\u00fdch m\u00edst, kter\u00e9 m\u016f\u017eete spojit s\u00a0prohl\u00eddkami z\u00e1mk\u016f a park\u016f, jako je:\u00a0 v\u00a0 mal\u00fd renesan\u010dn\u00ed z\u00e1me\u010dek Doudleby na Orlic\u00ed v\u00e1s p\u0159ekvap\u00ed kouzelnou v\u00fdzdobou. Tyto malby italsk\u00fdch renesan\u010dn\u00edch um\u011blc\u016f pokr\u00fdvaj\u00ed st\u011bny v\u00a0cel\u00e9m are\u00e1lu jak vn\u011bj\u0161\u00edm, tak vnit\u0159n\u00edm. Tyto malby naz\u00fdv\u00e1me sgrafito.\u00a0 v\u00a0 Pod\u00e9l \u0159eky Orlice jsou n\u00e1dhern\u00e9 a zn\u00e1m\u00e9 z\u00e1mky. Mo\u017en\u00e1 jste sly\u0161eli o renesan\u010dn\u00edm z\u00e1mku v \u010castolovic\u00edch, kter\u00fd je spojen\u00fd s mal\u00fdm are\u00e1lem zv\u00ed\u0159at. Je to takov\u00e1 mali\u010dk\u00e1 zoologick\u00e1 zahrada, kde se chovaj\u00ed p\u0159ev\u00e1\u017en\u011b na\u0161e, ale i exotick\u00e1 zv\u00ed\u0159ata. Pro d\u011bti je to velk\u00e9 pot\u011b\u0161en\u00ed, proto\u017ee se mohou se zv\u00ed\u0159aty sezn\u00e1mit hodn\u011b zbl\u00edzka.\u00a0 v\u00a0 Cyklostezkou kolem \u0159eky Orlice se dostanete k\u00a0mal\u00e9mu barokn\u00edmu z\u00e1mku Pot\u0161tejn a pak v\u00e1s nebudou bolet nohy, pak se dostanete v\u00fd\u0161lapem na hrad Pot\u0161tejn. Ten v\u00fdhled z\u00a0hradu do \u0161irok\u00e9ho okol\u00ed stoj\u00ed za to.Co se t\u00fdk\u00e1 ob\u010derstven\u00ed, tak na t\u00e9to trase budete mile p\u0159ekvapeni p\u0159\u00edjemnou atmosf\u00e9rou hosp\u016fdek s\u00a0chutn\u00fdm krajov\u00fdm j\u00eddeln\u00ed\u010dkem a v\u00a0mnoh\u00fdch stylov\u00fdch kav\u00e1rni\u010dk\u00e1ch je opravdu p\u0159\u00edjemn\u00e9 posezen\u00ed. Parky u t\u011bchto z\u00e1mk\u016f jsou udr\u017eovan\u00e9, stvo\u0159en\u00e9 pro p\u0159\u00edjemnou relaxaci s\u00a0d\u011btmi.Ka\u017ed\u00fd takov\u00fd \u201ekulturn\u00ed v\u00fdlet\u201c, a jedno, do jak\u00e9ho kouta na\u0161i zem\u011b nam\u00ed\u0159\u00edte, tak p\u016fsob\u00ed p\u0159\u00edmo jak balz\u00e1m pro va\u0161i mysl. \u0160koda, \u017ee kr\u00e1sa na\u0161i krajiny je doce\u0148ovan\u00e1 hlavn\u011b cizinci. Nechte v\u0161echny povinnosti a ka\u017edodenn\u00ed shon doma a pozn\u00e1vejte p\u011bkn\u00e1 m\u00edsta v\u00a0\u010cech\u00e1ch. Ur\u010dit\u011b nebudete zklaman\u00ed.                                                                                                                                                                                                                                                                                                                                                                                        3.9\/5 - (15 votes)        "},{"@context":"https:\/\/schema.org\/","@type":"BreadcrumbList","itemListElement":[{"@type":"ListItem","position":1,"name":"Jarn\u00ed toulky za kr\u00e1sou a kulturou","item":"https:\/\/www.oafm.cz\/jarni-toulky-za-krasou-a-kulturou\/#breadcrumbitem"}]}]