[{"@context":"https:\/\/schema.org\/","@type":"Article","@id":"https:\/\/www.oafm.cz\/diky-pronajmu-party-stanu-muzete-vasi-oslavu-uporadat-klidne-na-zahrade\/#Article","mainEntityOfPage":"https:\/\/www.oafm.cz\/diky-pronajmu-party-stanu-muzete-vasi-oslavu-uporadat-klidne-na-zahrade\/","headline":"D\u00edky pron\u00e1jmu p\u00e1rty stan\u016f m\u016f\u017eete Va\u0161i oslavu upo\u0159\u00e1dat klidn\u011b na zahrad\u011b","name":"D\u00edky pron\u00e1jmu p\u00e1rty stan\u016f m\u016f\u017eete Va\u0161i oslavu upo\u0159\u00e1dat klidn\u011b na zahrad\u011b","description":"Tou\u017e\u00edte uspo\u0159\u00e1dat Va\u0161i oslavu narozenin venku, ale nem\u00e1te vhodn\u00e9 prostory. Zahradu sice m\u00e1te, ale nen\u00ed zde bohu\u017eel \u017e\u00e1dn\u00e9 komfortn\u00ed z\u00e1zem\u00ed v podob\u011b t\u0159eba n\u011bjak\u00e9ho d\u0159ev\u011bn\u00e9ho alt\u00e1nku nebo posezen\u00ed s krbem. To v\u0161ak nen\u00ed v dne\u0161n\u00ed &hellip; ","datePublished":"2023-10-31","dateModified":"2023-10-31","author":{"@type":"Person","@id":"https:\/\/www.oafm.cz\/author\/#Person","name":"","url":"https:\/\/www.oafm.cz\/author\/","identifier":1,"image":{"@type":"ImageObject","@id":"https:\/\/secure.gravatar.com\/avatar\/4ae18345300f35922a2a7b2caa17564b68acab8514eff939a8a019efde378c24?s=96&d=mm&r=g","url":"https:\/\/secure.gravatar.com\/avatar\/4ae18345300f35922a2a7b2caa17564b68acab8514eff939a8a019efde378c24?s=96&d=mm&r=g","height":96,"width":96}},"publisher":{"@type":"Organization","name":"oafm.cz","logo":{"@type":"ImageObject","@id":"\/logo.png","url":"\/logo.png","width":600,"height":60}},"url":"https:\/\/www.oafm.cz\/diky-pronajmu-party-stanu-muzete-vasi-oslavu-uporadat-klidne-na-zahrade\/","wordCount":252,"articleBody":"Tou\u017e\u00edte uspo\u0159\u00e1dat Va\u0161i oslavu narozenin venku, ale nem\u00e1te vhodn\u00e9 prostory. Zahradu sice m\u00e1te, ale nen\u00ed zde bohu\u017eel \u017e\u00e1dn\u00e9 komfortn\u00ed z\u00e1zem\u00ed v podob\u011b t\u0159eba n\u011bjak\u00e9ho d\u0159ev\u011bn\u00e9ho alt\u00e1nku nebo posezen\u00ed s krbem. To v\u0161ak nen\u00ed v dne\u0161n\u00ed dob\u011b \u017e\u00e1dn\u00fd probl\u00e9m. Dnes si ji\u017e m\u016f\u017eete p\u016fj\u010dit p\u0159\u00edst\u0159e\u0161ek klidn\u011b na jeden den. To je p\u0159ece skv\u011bl\u00e1 zpr\u00e1va. Oslava se zaru\u010den\u011b vyda\u0159\u00ed, proto\u017ee na Va\u0161\u00ed zahrad\u011b vznikne komfortn\u00ed o\u00e1za klidu pro v\u0161echny pozvan\u00e9 hosty. Pod p\u0159\u00edst\u0159e\u0161kem si v prav\u00e9 poledne v\u0161ichni pochutnaj\u00ed na slavnostn\u00edm ob\u011bd\u011b a poho\u0161t\u011bn\u00ed a z\u00e1bava bude pokra\u010dovat dlouho do noci.Skv\u011bl\u00e1 pojistka p\u0159ed n\u00e1hl\u00fdm de\u0161t\u011bm nebo ostr\u00fdm slun\u00ed\u010dkemNehodl\u00e1te nic podcenit. D\u00edky pron\u00e1jmu p\u00e1rty stan\u016f budete m\u00edt jistotu, \u017ee Va\u0161i oslavu nep\u0159eru\u0161\u00ed v nejlep\u0161\u00edm n\u00e1hl\u00fd d\u00e9\u0161\u0165. Nep\u0159\u00edjemn\u00e9 je i ostr\u00e9 slun\u00ed\u010dko nebo siln\u00fd v\u00edtr. Zv\u011bdav\u00fd soused by V\u00e1m taky mohl zkazit n\u00e1ladu. S vhodn\u00fdm pomocn\u00edkem v podob\u011b p\u0159\u00edst\u0159e\u0161ku se ochr\u00e1n\u00edte p\u0159ed nep\u0159\u00edzniv\u00fdm po\u010das\u00edm i z\u00e1vistiv\u00fdm sousedem. Byl to prost\u011b skv\u011bl\u00fd n\u00e1pad, p\u016fj\u010dit si tohoto \u00fa\u017easn\u00e9ho pomocn\u00edka, kter\u00fd se d\u00e1 snadno sestavit a je\u0161t\u011b snadn\u011bji rozlo\u017eit.                                                                                                                                                                                                                                                                                                                                                                                        4.5\/5 - (12 votes)        "},{"@context":"https:\/\/schema.org\/","@type":"BreadcrumbList","itemListElement":[{"@type":"ListItem","position":1,"name":"D\u00edky pron\u00e1jmu p\u00e1rty stan\u016f m\u016f\u017eete Va\u0161i oslavu upo\u0159\u00e1dat klidn\u011b na zahrad\u011b","item":"https:\/\/www.oafm.cz\/diky-pronajmu-party-stanu-muzete-vasi-oslavu-uporadat-klidne-na-zahrade\/#breadcrumbitem"}]}]