{"@context":"https:\/\/schema.org\/","@type":"CollectionPage","@id":"https:\/\/www.oafm.cz\/deti\/#CollectionPage","headline":"D\u011bti Category","description":"","url":"https:\/\/www.oafm.cz\/deti\/","hasPart":[{"@type":"Article","@id":"https:\/\/www.oafm.cz\/dite-a-neplodnost\/","headline":"D\u00edt\u011b a neplodnost","url":"https:\/\/www.oafm.cz\/dite-a-neplodnost\/","datePublished":"2024-08-31","dateModified":"2024-08-31","mainEntityOfPage":"https:\/\/www.oafm.cz\/dite-a-neplodnost\/","author":{"@type":"Person","@id":"https:\/\/www.oafm.cz\/author\/#Person","name":"","url":"https:\/\/www.oafm.cz\/author\/","identifier":1,"image":{"@type":"ImageObject","@id":"https:\/\/secure.gravatar.com\/avatar\/4ae18345300f35922a2a7b2caa17564b68acab8514eff939a8a019efde378c24?s=96&d=mm&r=g","url":"https:\/\/secure.gravatar.com\/avatar\/4ae18345300f35922a2a7b2caa17564b68acab8514eff939a8a019efde378c24?s=96&d=mm&r=g","height":96,"width":96}},"publisher":{"@type":"Organization","name":"oafm.cz","logo":{"@type":"ImageObject","@id":"\/logo.png","url":"\/logo.png","width":600,"height":60}},"image":{"@type":"ImageObject","@id":"https:\/\/www.oafm.cz\/wp-content\/uploads\/newborn-6177485_1280.jpg","url":"https:\/\/www.oafm.cz\/wp-content\/uploads\/newborn-6177485_1280.jpg","height":0,"width":0},"keywords":null},{"@type":"Article","@id":"https:\/\/www.oafm.cz\/vyhody-omalovanek-k-tisku-pro-deti-a-dospele\/","headline":"V\u00fdhody omalov\u00e1nek k tisku pro d\u011bti a dosp\u011bl\u00e9","url":"https:\/\/www.oafm.cz\/vyhody-omalovanek-k-tisku-pro-deti-a-dospele\/","datePublished":"2022-04-17","dateModified":"2023-05-30","mainEntityOfPage":"https:\/\/www.oafm.cz\/vyhody-omalovanek-k-tisku-pro-deti-a-dospele\/","author":{"@type":"Person","@id":"https:\/\/www.oafm.cz\/author\/#Person","name":"","url":"https:\/\/www.oafm.cz\/author\/","identifier":1,"image":{"@type":"ImageObject","@id":"https:\/\/secure.gravatar.com\/avatar\/4ae18345300f35922a2a7b2caa17564b68acab8514eff939a8a019efde378c24?s=96&d=mm&r=g","url":"https:\/\/secure.gravatar.com\/avatar\/4ae18345300f35922a2a7b2caa17564b68acab8514eff939a8a019efde378c24?s=96&d=mm&r=g","height":96,"width":96}},"publisher":{"@type":"Organization","name":"oafm.cz","logo":{"@type":"ImageObject","@id":"\/logo.png","url":"\/logo.png","width":600,"height":60}},"image":{"@type":"ImageObject","@id":"https:\/\/www.oafm.cz\/wp-content\/uploads\/skola1_4.jpg","url":"https:\/\/www.oafm.cz\/wp-content\/uploads\/skola1_4.jpg","height":0,"width":0},"keywords":null},{"@type":"Article","@id":"https:\/\/www.oafm.cz\/dite-s-rozmyslem\/","headline":"D\u00cdT\u011a s rozmyslem","url":"https:\/\/www.oafm.cz\/dite-s-rozmyslem\/","datePublished":"2021-11-14","dateModified":"2023-05-30","mainEntityOfPage":"https:\/\/www.oafm.cz\/dite-s-rozmyslem\/","author":{"@type":"Person","@id":"https:\/\/www.oafm.cz\/author\/#Person","name":"","url":"https:\/\/www.oafm.cz\/author\/","identifier":1,"image":{"@type":"ImageObject","@id":"https:\/\/secure.gravatar.com\/avatar\/4ae18345300f35922a2a7b2caa17564b68acab8514eff939a8a019efde378c24?s=96&d=mm&r=g","url":"https:\/\/secure.gravatar.com\/avatar\/4ae18345300f35922a2a7b2caa17564b68acab8514eff939a8a019efde378c24?s=96&d=mm&r=g","height":96,"width":96}},"publisher":{"@type":"Organization","name":"oafm.cz","logo":{"@type":"ImageObject","@id":"\/logo.png","url":"\/logo.png","width":600,"height":60}},"image":{"@type":"ImageObject","@id":"https:\/\/www.oafm.cz\/wp-content\/uploads\/mama-1434708_960_720.jpg","url":"https:\/\/www.oafm.cz\/wp-content\/uploads\/mama-1434708_960_720.jpg","height":0,"width":0},"keywords":null},{"@type":"Article","@id":"https:\/\/www.oafm.cz\/jak-vest-deti-ke-cteni-od-utleho-veku\/","headline":"Jak v\u00e9st d\u011bti ke \u010dten\u00ed od \u00fatl\u00e9ho v\u011bku?","url":"https:\/\/www.oafm.cz\/jak-vest-deti-ke-cteni-od-utleho-veku\/","datePublished":"2019-12-06","dateModified":"2023-05-30","mainEntityOfPage":"https:\/\/www.oafm.cz\/jak-vest-deti-ke-cteni-od-utleho-veku\/","author":{"@type":"Person","@id":"https:\/\/www.oafm.cz\/author\/#Person","name":"","url":"https:\/\/www.oafm.cz\/author\/","identifier":1,"image":{"@type":"ImageObject","@id":"https:\/\/secure.gravatar.com\/avatar\/4ae18345300f35922a2a7b2caa17564b68acab8514eff939a8a019efde378c24?s=96&d=mm&r=g","url":"https:\/\/secure.gravatar.com\/avatar\/4ae18345300f35922a2a7b2caa17564b68acab8514eff939a8a019efde378c24?s=96&d=mm&r=g","height":96,"width":96}},"publisher":{"@type":"Organization","name":"oafm.cz","logo":{"@type":"ImageObject","@id":"\/logo.png","url":"\/logo.png","width":600,"height":60}},"image":{"@type":"ImageObject","@id":"https:\/\/www.oafm.cz\/wp-content\/uploads\/img_a364250_w4235_t1576930041.jpg","url":"https:\/\/www.oafm.cz\/wp-content\/uploads\/img_a364250_w4235_t1576930041.jpg","height":0,"width":0},"keywords":null}]}