[{"@context":"https:\/\/schema.org\/","@type":"Article","@id":"https:\/\/www.oafm.cz\/co-muzete-delat-kdyz-prvnacek-nechce-do-skoly-a-nedari-se-mu-jak-mu-muzete-pomoci-a-proc-netlacit-na-pilu\/#Article","mainEntityOfPage":"https:\/\/www.oafm.cz\/co-muzete-delat-kdyz-prvnacek-nechce-do-skoly-a-nedari-se-mu-jak-mu-muzete-pomoci-a-proc-netlacit-na-pilu\/","headline":"Co m\u016f\u017eete d\u011blat, kdy\u017e prv\u0148\u00e1\u010dek nechce do \u0161koly a neda\u0159\u00ed se mu? Jak mu m\u016f\u017eete pomoci a pro\u010d netla\u010dit na pilu?","name":"Co m\u016f\u017eete d\u011blat, kdy\u017e prv\u0148\u00e1\u010dek nechce do \u0161koly a neda\u0159\u00ed se mu? Jak mu m\u016f\u017eete pomoci a pro\u010d netla\u010dit na pilu?","description":"M\u00e1te doma prv\u0148\u00e1\u010dka ale n\u00e1stup do \u0161koly jste spole\u010dn\u011b nezvl\u00e1dli \u00fapln\u011b nejl\u00e9pe? D\u00edt\u011b se do \u0161koly net\u011b\u0161\u00ed a nechce tam v\u016fbec chodit? Co s t\u00edm m\u016f\u017eete ud\u011blat?\u00a0 Co m\u016f\u017eete d\u011blat, kdy\u017e prv\u0148\u00e1\u010dek nechce do \u0161koly &hellip; ","datePublished":"2022-04-29","dateModified":"2022-04-29","author":{"@type":"Person","@id":"https:\/\/www.oafm.cz\/author\/#Person","name":"","url":"https:\/\/www.oafm.cz\/author\/","identifier":1,"image":{"@type":"ImageObject","@id":"https:\/\/secure.gravatar.com\/avatar\/4ae18345300f35922a2a7b2caa17564b68acab8514eff939a8a019efde378c24?s=96&d=mm&r=g","url":"https:\/\/secure.gravatar.com\/avatar\/4ae18345300f35922a2a7b2caa17564b68acab8514eff939a8a019efde378c24?s=96&d=mm&r=g","height":96,"width":96}},"publisher":{"@type":"Organization","name":"oafm.cz","logo":{"@type":"ImageObject","@id":"\/logo.png","url":"\/logo.png","width":600,"height":60}},"image":{"@type":"ImageObject","@id":"https:\/\/www.oafm.cz\/wp-content\/uploads\/pexels-photo-256417_1.jpeg","url":"https:\/\/www.oafm.cz\/wp-content\/uploads\/pexels-photo-256417_1.jpeg","height":0,"width":0},"url":"https:\/\/www.oafm.cz\/co-muzete-delat-kdyz-prvnacek-nechce-do-skoly-a-nedari-se-mu-jak-mu-muzete-pomoci-a-proc-netlacit-na-pilu\/","about":["Vzd\u011bl\u00e1n\u00ed"],"wordCount":609,"articleBody":"M\u00e1te doma prv\u0148\u00e1\u010dka ale n\u00e1stup do \u0161koly jste spole\u010dn\u011b nezvl\u00e1dli \u00fapln\u011b nejl\u00e9pe? D\u00edt\u011b se do \u0161koly net\u011b\u0161\u00ed a nechce tam v\u016fbec chodit? Co s t\u00edm m\u016f\u017eete ud\u011blat?\u00a0Co m\u016f\u017eete d\u011blat, kdy\u017e prv\u0148\u00e1\u010dek nechce do \u0161koly a neda\u0159\u00ed se mu? Jak mu m\u016f\u017eete pomoci a pro\u010d netla\u010dit na pilu?\u00a0Prvn\u00ed \u0161koln\u00ed rok je pro v\u0161echny d\u011bti n\u00e1ro\u010dn\u00fd, je n\u00e1ro\u010dn\u00fd i pro rodi\u010de, co\u017e je pochopiteln\u00e9 a nen\u00ed se \u010demu divit. \u0160kola m\u00e1 zcela jin\u00fd re\u017eim, d\u00edt\u011b si mus\u00ed zvyknout nejen na nov\u00e9 prost\u0159ed\u00ed a lidi a d\u011bti kolem sebe, ale mus\u00ed se p\u0159izp\u016fsobit i tomu n\u00e1tlaku, kter\u00fd je vyv\u00edjen. D\u011bti mus\u00ed plnit \u00fakoly, doma mus\u00ed ps\u00e1t \u00fakoly, zkr\u00e1tka je toho na n\u011b moc. Zat\u00edmco ve \u0161kolce je re\u017eim daleko voln\u011bj\u0161\u00ed, \u0161kola je v mnoha ohledech t\u011b\u017e\u0161\u00ed a d\u00edt\u011b se tak \u010dasto m\u016f\u017ee c\u00edtit zcela ztracen\u00e9. Nav\u00edc hodn\u011b z\u00e1le\u017e\u00ed i na tom, na jak\u00e9ho u\u010ditele d\u00edt\u011b naraz\u00ed, jak si sedne se spolu\u017e\u00e1ky. Ka\u017ed\u00e9 d\u00edt\u011b se tak\u00e9 jinak u\u010d\u00ed, m\u00e1 jin\u00e9 tempo a tak n\u011bkter\u00e9 d\u011bti nemusej\u00ed sv\u00fdm spolu\u017e\u00e1k\u016fm sta\u010dit. Tohle je obrovsk\u00fd z\u00e1p\u0159ah. Jak rozpoznat, \u017ee v\u00e1\u0161 prv\u0148\u00e1\u010dek n\u00e1stup do \u0161koly nezvl\u00e1d\u00e1 dob\u0159e? A co se s t\u00edm d\u00e1 d\u011blat?\u00a0Vn\u00edmejte a v\u0161\u00edmejte si\u00a0Je t\u0159eba v prvn\u00edch m\u011bs\u00edc\u00edch co nejv\u00edce d\u00edt\u011b sledovat, jak\u00e1koliv zm\u011bna v jeho chov\u00e1n\u00ed by toti\u017e mohla poukazovat na to, \u017ee n\u011bco nen\u00ed v po\u0159\u00e1dku. A je velice d\u016fle\u017eit\u00e9 to zachytit v\u010das. D\u00edt\u011b by tak\u00e9 nem\u011blo b\u00fdt p\u0159\u00edli\u0161 zat\u011b\u017eov\u00e1no, nejen \u0161koln\u00edmi povinnostmi ale i mimo\u0161koln\u00edmu aktivitami. V prvn\u00edm ro\u010dn\u00edku by d\u00edt\u011b m\u011blo m\u00edt m\u00e9n\u011b aktivit, ne\u017e t\u0159eba d\u00edt\u011b, kter\u00e9 u\u017e nav\u0161t\u011bvuje druhou \u010di t\u0159et\u00ed t\u0159\u00eddu, m\u011blo se by soust\u0159edit na \u0161kolu a je\u0161t\u011b st\u00e1le by m\u011blo m\u00edt prostor pro hran\u00ed. Na to ale \u0159ada rodi\u010d\u016f tak tro\u0161ku zapom\u00edn\u00e1, i kdy\u017e to mysl\u00edte dob\u0159e, m\u016f\u017eete d\u00edt\u011bti sp\u00ed\u0161e u\u0161kodit. D\u011btem se pak v\u0161echno h\u016f\u0159e zvl\u00e1d\u00e1, a nezapome\u0148te i na to, \u017ee jakmile si d\u00edt\u011b nem\u00e1 kdy hr\u00e1t, za\u010dne tak\u00e9 str\u00e1dat.\u00a0D\u011bti, kter\u00e9 maj\u00ed se \u0161kolou probl\u00e9m, si \u010dasto st\u011b\u017euj\u00ed, ale nep\u0159\u00edmo. Poznat to m\u016f\u017eete nap\u0159\u00edklad tak, \u017ee d\u00edt\u011b bude \u010dasto nemocn\u00e9 nebo si bude st\u011b\u017eovat na bolesti \u010di nevolnost. \u010cast\u00e1 bolest hlavy u prv\u0148\u00e1\u010dk\u016f nazna\u010duje, \u017ee \u0161kolu ne \u00fapln\u011b dob\u0159e zvl\u00e1daj\u00ed.\u00a0A jak to \u0159e\u0161it?\u00a0\u0158e\u0161it to mus\u00edte a to ihned. \u00dapln\u011b nejlep\u0161\u00ed je s d\u00edt\u011btem v\u00edce mluvit, v\u011bnovat se mu a samoz\u0159ejm\u011b se mu sna\u017eit pobyt ve \u0161kole co nejv\u00edce zp\u0159\u00edjemnit. D\u011bti je t\u0159eba motivovat, ale zase to nep\u0159eh\u00e1n\u011bt. O \u0161kole se mus\u00edte bavit, ale nem\u011blo by to b\u00fdt to jedn\u00e9, co bude d\u00edt\u011b \u0159e\u0161it. V neposledn\u00ed \u0159ad\u011b je mo\u017en\u00e9 situaci konzultovat. \u0158e\u0161it ji m\u016f\u017eete nejd\u0159\u00edve s t\u0159\u00eddn\u00edm u\u010ditelem, pokud ale nenajdete \u0159e\u0161en\u00ed, nen\u00ed od v\u011bci nav\u0161t\u00edvit s d\u00edt\u011btem i poradnu d\u011btsk\u00e9ho psychologa.\u00a0                                                                                                                                                                                                                                                                                                                                                                                        5\/5 - (1 vote)        "},{"@context":"https:\/\/schema.org\/","@type":"BreadcrumbList","itemListElement":[{"@type":"ListItem","position":1,"name":"Co m\u016f\u017eete d\u011blat, kdy\u017e prv\u0148\u00e1\u010dek nechce do \u0161koly a neda\u0159\u00ed se mu? Jak mu m\u016f\u017eete pomoci a pro\u010d netla\u010dit na pilu?","item":"https:\/\/www.oafm.cz\/co-muzete-delat-kdyz-prvnacek-nechce-do-skoly-a-nedari-se-mu-jak-mu-muzete-pomoci-a-proc-netlacit-na-pilu\/#breadcrumbitem"}]}]