[{"@context":"https:\/\/schema.org\/","@type":"Article","@id":"https:\/\/www.oafm.cz\/chybi-vam-ctyri-kola\/#Article","mainEntityOfPage":"https:\/\/www.oafm.cz\/chybi-vam-ctyri-kola\/","headline":"Chyb\u00ed v\u00e1m \u010dty\u0159i kola?","name":"Chyb\u00ed v\u00e1m \u010dty\u0159i kola?","description":"Do dne\u0161n\u00edho dne jste se bez vozidla obe\u0161li, ale najednou p\u0159ich\u00e1z\u00ed situace, kdy odvoz pot\u0159ebujete? Ne\u017e si po\u0159\u00edd\u00edte vlastn\u00ed, m\u00e1 pro v\u00e1s skv\u011blou zpr\u00e1vu autop\u016fj\u010dovna Praha. Po dobu, t\u0159eba i jednoho m\u011bs\u00edce, v\u00e1m za skv\u011blou &hellip; ","datePublished":"2023-07-10","dateModified":"2023-07-10","author":{"@type":"Person","@id":"https:\/\/www.oafm.cz\/author\/#Person","name":"","url":"https:\/\/www.oafm.cz\/author\/","identifier":1,"image":{"@type":"ImageObject","@id":"https:\/\/secure.gravatar.com\/avatar\/4ae18345300f35922a2a7b2caa17564b68acab8514eff939a8a019efde378c24?s=96&d=mm&r=g","url":"https:\/\/secure.gravatar.com\/avatar\/4ae18345300f35922a2a7b2caa17564b68acab8514eff939a8a019efde378c24?s=96&d=mm&r=g","height":96,"width":96}},"publisher":{"@type":"Organization","name":"oafm.cz","logo":{"@type":"ImageObject","@id":"\/logo.png","url":"\/logo.png","width":600,"height":60}},"url":"https:\/\/www.oafm.cz\/chybi-vam-ctyri-kola\/","wordCount":252,"articleBody":"Do dne\u0161n\u00edho dne jste se bez vozidla obe\u0161li, ale najednou p\u0159ich\u00e1z\u00ed situace, kdy odvoz pot\u0159ebujete? Ne\u017e si po\u0159\u00edd\u00edte vlastn\u00ed, m\u00e1 pro v\u00e1s skv\u011blou zpr\u00e1vu autop\u016fj\u010dovna Praha. Po dobu, t\u0159eba i jednoho m\u011bs\u00edce, v\u00e1m za skv\u011blou cenu poskytne svoje vozidla. Je\u0161t\u011b dnes si m\u016f\u017eete v\u016fz objednat, vyzvednout a odjet, kam zrovna m\u00e1te nam\u00ed\u0159eno. Vy\u0159e\u0161\u00edte ne\u010dekanou situaci, nakoup\u00edte, nav\u0161t\u00edv\u00edte star\u00e9 zn\u00e1m\u00e9, dostav\u00edte se i do zam\u011bstn\u00e1n\u00ed, \u010di na d\u016fle\u017eitou sch\u016fzku. Pro\u010d se tr\u00e1pit s odvozem, kdy\u017e m\u00e1te rychl\u00e9 \u0159e\u0161en\u00ed a bez zbyte\u010dn\u00e9ho prosen\u00ed a odm\u00edt\u00e1n\u00ed?Nem\u00e1m, nem\u016f\u017eu, ned\u00e1mTak tyto slova u\u017e od nikoho neusly\u0161\u00edte, proto\u017ee v\u016fz, kter\u00fd nutn\u011b pot\u0159ebujete, v\u00e1m poskytne autop\u016fj\u010dovna Praha. Kamar\u00e1di a zn\u00e1m\u00ed budou p\u0159ekvapeni, \u017ee jste nez\u00e1visl\u00ed a jejich pomoc ji\u017e nepot\u0159ebujete. Bez zbyte\u010dn\u00fdch slov a vypt\u00e1v\u00e1n\u00ed se doprav\u00edte v\u0161ude tam, kam jste pot\u0159ebovali a v po\u0159\u00e1dku v\u016fz vr\u00e1t\u00edte na m\u00edsto ur\u010den\u00ed v dobu, na kter\u00e9 se domluv\u00edte. No nen\u00ed skv\u011bl\u00e9 m\u00edt pomoc, kter\u00e1 je v\u017edycky po ruce, a i v situaci nejv\u011bt\u0161\u00ed nouze? Nebudete bez vozidla, ani kdy\u017e \u017e\u00e1dn\u00e9 nevlastn\u00edte. Hlavn\u011b nezapomenout na \u0159idi\u010dsk\u00e9 opr\u00e1vn\u011bn\u00ed.                                                                                                                                                                                                                                                                                                                                                                                        4.6\/5 - (5 votes)        "},{"@context":"https:\/\/schema.org\/","@type":"BreadcrumbList","itemListElement":[{"@type":"ListItem","position":1,"name":"Chyb\u00ed v\u00e1m \u010dty\u0159i kola?","item":"https:\/\/www.oafm.cz\/chybi-vam-ctyri-kola\/#breadcrumbitem"}]}]