[{"@context":"https:\/\/schema.org\/","@type":"Article","@id":"https:\/\/www.oafm.cz\/50-je-pekne-cislo\/#Article","mainEntityOfPage":"https:\/\/www.oafm.cz\/50-je-pekne-cislo\/","headline":"50 je p\u011bkn\u00e9 \u010d\u00edslo","name":"50 je p\u011bkn\u00e9 \u010d\u00edslo","description":"Va\u0161e oslava 50. narozenin se kvapem bl\u00ed\u017e\u00ed a v\u0161ichni kolem V\u00e1s p\u0159em\u00fd\u0161lej\u00ed, jak toto kulat\u00e9 jubileum podpo\u0159it n\u011b\u010d\u00edm netradi\u010dn\u00edm. Ale jinak se tv\u00e1\u0159\u00ed, jako by se nic ned\u011blo. A co Vy sami? Jak\u00e9 m\u00e1te pocity? &hellip; ","datePublished":"2023-12-09","dateModified":"2023-12-09","author":{"@type":"Person","@id":"https:\/\/www.oafm.cz\/author\/#Person","name":"","url":"https:\/\/www.oafm.cz\/author\/","identifier":1,"image":{"@type":"ImageObject","@id":"https:\/\/secure.gravatar.com\/avatar\/4ae18345300f35922a2a7b2caa17564b68acab8514eff939a8a019efde378c24?s=96&d=mm&r=g","url":"https:\/\/secure.gravatar.com\/avatar\/4ae18345300f35922a2a7b2caa17564b68acab8514eff939a8a019efde378c24?s=96&d=mm&r=g","height":96,"width":96}},"publisher":{"@type":"Organization","name":"oafm.cz","logo":{"@type":"ImageObject","@id":"\/logo.png","url":"\/logo.png","width":600,"height":60}},"url":"https:\/\/www.oafm.cz\/50-je-pekne-cislo\/","wordCount":266,"articleBody":"Va\u0161e oslava 50. narozenin se kvapem bl\u00ed\u017e\u00ed a v\u0161ichni kolem V\u00e1s p\u0159em\u00fd\u0161lej\u00ed, jak toto kulat\u00e9 jubileum podpo\u0159it n\u011b\u010d\u00edm netradi\u010dn\u00edm. Ale jinak se tv\u00e1\u0159\u00ed, jako by se nic ned\u011blo. A co Vy sami? Jak\u00e9 m\u00e1te pocity? \u017de se na takov\u00fd v\u011bk nec\u00edt\u00edte? \u017de se c\u00edt\u00edte st\u00e1le mlad\u00ed? To je ale skv\u011bl\u00e1 zpr\u00e1va! Up\u0159\u00edmn\u011b, kdo by pova\u017eoval tento v\u011bk za po\u010d\u00e1tek st\u00e1\u0159\u00ed! Mo\u017en\u00e1 n\u011bjak\u00fd rozt\u011bkan\u00fd pubescent, nebo tak\u00e9 mlad\u00ed bez z\u00e1vazk\u016f, kte\u0159\u00ed maj\u00ed starosti st\u00e1le jen o sebe. \u010clov\u011bk je tak st\u00e1r, jak se c\u00edt\u00ed. A to se odr\u00e1\u017e\u00ed na jeho n\u00e1zorech, chov\u00e1n\u00ed a zcela jist\u011b i na fyzick\u00e9m vzhledu.\tTo bude n\u00e1\u0159ezTak\u017ee u\u017e pl\u00e1nujete? Narozen\u00ed v l\u00e9t\u011b maj\u00ed v\u00fdhodu op\u00e9k\u00e1n\u00ed selete na ro\u017eni a pobytu venku p\u0159i po\u0159\u00e1dn\u00e9m veleben\u00ed \u017eivota. Ti, co se narodili v zim\u011b, maj\u00ed mo\u017enost zimn\u00edch radov\u00e1nek a potom tr\u00e1vit \u010das u krbov\u00fdch kamen s hork\u00fdm n\u00e1pojem v plechov\u00e9m hrne\u010dku. To tak\u00e9 nen\u00ed \u0161patn\u00e9. Pozvat sv\u00e9 bl\u00edzk\u00e9 a radovat se s nimi, by stejn\u011b m\u011blo pat\u0159it k \u010dast\u011bj\u0161\u00edm \u010dinnostem ka\u017ed\u00e9ho \u010dlov\u011bka, ne\u017e \u010dekat na n\u011bjak\u00e1 v\u00fdro\u010d\u00ed. Ale i tak, po\u0159\u00e1dn\u011b si je u\u017eijte a veselte se, \u017ee jste se ve zdrav\u00ed takov\u00e9ho v\u011bku do\u017eili! A\u0165 si host\u00e9 \u0159eknou: To byl ale n\u00e1\u0159ez!                                                                                                                                                                                                                                                                                                                                                                                        4.2\/5 - (10 votes)        "},{"@context":"https:\/\/schema.org\/","@type":"BreadcrumbList","itemListElement":[{"@type":"ListItem","position":1,"name":"50 je p\u011bkn\u00e9 \u010d\u00edslo","item":"https:\/\/www.oafm.cz\/50-je-pekne-cislo\/#breadcrumbitem"}]}]